{"id":21536,"date":"2022-12-07T00:00:12","date_gmt":"2022-12-06T22:00:12","guid":{"rendered":"https:\/\/www.comunicatur.info\/?p=21536"},"modified":"2022-12-06T14:25:38","modified_gmt":"2022-12-06T12:25:38","slug":"la-union-europea-permitira-conectar-el-movil-en-los-aviones","status":"publish","type":"post","link":"https:\/\/www.comunicatur.info\/es\/la-union-europea-permitira-conectar-el-movil-en-los-aviones\/","title":{"rendered":"La Uni\u00f3n Europea permitir\u00e1 conectar el m\u00f3vil en los aviones"},"content":{"rendered":"<p>La Comisi\u00f3n Europea ha designado determinadas frecuencias para la tecnolog\u00eda 5G en vuelo que permitir\u00e1 utilizar los m\u00f3viles al m\u00e1ximo de su capacidad y caracter\u00edsticas en pleno vuelo, al igual que lo har\u00edan conectados con una red m\u00f3vil en tierra. Con esta decisi\u00f3n se abren m\u00faltiples posibilidades al ofrecer la conectividad s\u00faper r\u00e1pida y de alta capacidad a bordo.<\/p>\n<p>Pero este servicio de conexi\u00f3n en el avi\u00f3n seguramente no ser\u00e1 gratis. Las aerol\u00edneas tendr\u00e1n que instalar los equipos necesarios para conectarse con las redes m\u00f3viles de tierra a trav\u00e9s de un sat\u00e9lite. As\u00ed, las compa\u00f1\u00edas de telecomunicaciones y las propias aerol\u00edneas tendr\u00e1n un nuevo espectro de negocio. Podr\u00e1n establecer alguna tarifa espec\u00edfica para el uso de m\u00f3viles con conexi\u00f3n similar al coste de roaming.<\/p>\n<p>Los pilotos, por su parte, no acaban de ver con buenos ojos esta decisi\u00f3n aduciendo criterios de seguridad. Temen que se produzcan interferencias con los aparatos de control y medici\u00f3n de las aeronaves. La Agencia Europea de Seguridad A\u00e9rea (EASA) est\u00e1 realizando los estudios necesarios para garantizar que cuando se active el 5G en la aviaci\u00f3n se haga de forma segura.<\/p>\n<p>La Comisi\u00f3n tambi\u00e9n ha decidido habilitar las bandas de frecuencia de 5 GHz disponibles para Wi-Fi en el transporte por carretera, por ejemplo, para autocares y autobuses. A partir de esta decisi\u00f3n los Estados miembros de la Uni\u00f3n Europea deben poner a disposici\u00f3n las bandas de frecuencia de 5G tan pronto como sea posible y a m\u00e1s tardar el 30 de junio de 2023.<\/p>\n<p><a href=\"https:\/\/digital-strategy.ec.europa.eu\/en\/policies\/5g\" target=\"_blank\" rel=\"noopener\">M\u00e1s informaci\u00f3n sobre 5G en la UE est\u00e1 disponible\u00a0<\/a><\/p>\n","protected":false},"excerpt":{"rendered":"<p>La Comisi\u00f3n Europea ha designado determinadas frecuencias para la tecnolog\u00eda 5G en vuelo que permitir\u00e1 utilizar los m\u00f3viles al m\u00e1ximo de su capacidad y caracter\u00edsticas en pleno vuelo, al igual que lo har\u00edan conectados con una red m\u00f3vil en tierra. Con esta decisi\u00f3n se abren m\u00faltiples posibilidades al ofrecer la conectividad s\u00faper r\u00e1pida y de &hellip;<\/p>\n","protected":false},"author":408,"featured_media":21533,"comment_status":"closed","ping_status":"open","sticky":false,"template":"","format":"standard","meta":[],"categories":[65],"tags":[],"_links":{"self":[{"href":"https:\/\/www.comunicatur.info\/es\/wp-json\/wp\/v2\/posts\/21536"}],"collection":[{"href":"https:\/\/www.comunicatur.info\/es\/wp-json\/wp\/v2\/posts"}],"about":[{"href":"https:\/\/www.comunicatur.info\/es\/wp-json\/wp\/v2\/types\/post"}],"author":[{"embeddable":true,"href":"https:\/\/www.comunicatur.info\/es\/wp-json\/wp\/v2\/users\/408"}],"replies":[{"embeddable":true,"href":"https:\/\/www.comunicatur.info\/es\/wp-json\/wp\/v2\/comments?post=21536"}],"version-history":[{"count":3,"href":"https:\/\/www.comunicatur.info\/es\/wp-json\/wp\/v2\/posts\/21536\/revisions"}],"predecessor-version":[{"id":21538,"href":"https:\/\/www.comunicatur.info\/es\/wp-json\/wp\/v2\/posts\/21536\/revisions\/21538"}],"wp:featuredmedia":[{"embeddable":true,"href":"https:\/\/www.comunicatur.info\/es\/wp-json\/wp\/v2\/media\/21533"}],"wp:attachment":[{"href":"https:\/\/www.comunicatur.info\/es\/wp-json\/wp\/v2\/media?parent=21536"}],"wp:term":[{"taxonomy":"category","embeddable":true,"href":"https:\/\/www.comunicatur.info\/es\/wp-json\/wp\/v2\/categories?post=21536"},{"taxonomy":"post_tag","embeddable":true,"href":"https:\/\/www.comunicatur.info\/es\/wp-json\/wp\/v2\/tags?post=21536"}],"curies":[{"name":"wp","href":"https:\/\/api.w.org\/{rel}","templated":true}]}}