{"id":21527,"date":"2022-12-06T13:19:39","date_gmt":"2022-12-06T11:19:39","guid":{"rendered":"https:\/\/www.comunicatur.info\/?p=21527"},"modified":"2022-12-06T13:24:54","modified_gmt":"2022-12-06T11:24:54","slug":"la-costa-daurada-y-las-terres-de-lebre-celebran-su-30a-nit-del-turisme-en-un-ambiente-de-optimismo-por-la-recuperacion","status":"publish","type":"post","link":"https:\/\/www.comunicatur.info\/es\/la-costa-daurada-y-las-terres-de-lebre-celebran-su-30a-nit-del-turisme-en-un-ambiente-de-optimismo-por-la-recuperacion\/","title":{"rendered":"La Costa Daurada y las Terres de l\u2019Ebre celebran su 30\u00aa Nit del Turisme en un ambiente de optimismo por la recuperaci\u00f3n"},"content":{"rendered":"<p>Un a\u00f1o m\u00e1s el sector tur\u00edstico de la demarcaci\u00f3n de Tarragona ha celebrado su Nit del Turisme, que este a\u00f1o ha vuelto a su formato habitual. <strong>El evento se ha celebrado por vez primera en las Terres de l\u2019Ebre, concretamente en el recinto ferial de Tortosa<\/strong> y ha reunido representantes de entes p\u00fablicos y privados tur\u00edsticos, tanto de la Costa Daurada como de las Terres de l\u2019Ebre.<\/p>\n<figure id=\"attachment_21523\" aria-describedby=\"caption-attachment-21523\" style=\"width: 200px\" class=\"wp-caption alignright\"><img class=\"size-medium wp-image-21523\" src=\"https:\/\/www.comunicatur.info\/wp-content\/uploads\/2022\/12\/Pta-Patronat-Meritxell-Roige-200x300.jpg\" alt=\"\" width=\"200\" height=\"300\" srcset=\"https:\/\/www.comunicatur.info\/wp-content\/uploads\/2022\/12\/Pta-Patronat-Meritxell-Roige-200x300.jpg 200w, https:\/\/www.comunicatur.info\/wp-content\/uploads\/2022\/12\/Pta-Patronat-Meritxell-Roige-683x1024.jpg 683w, https:\/\/www.comunicatur.info\/wp-content\/uploads\/2022\/12\/Pta-Patronat-Meritxell-Roige-768x1151.jpg 768w, https:\/\/www.comunicatur.info\/wp-content\/uploads\/2022\/12\/Pta-Patronat-Meritxell-Roige-600x899.jpg 600w, https:\/\/www.comunicatur.info\/wp-content\/uploads\/2022\/12\/Pta-Patronat-Meritxell-Roige-1025x1536.jpg 1025w, https:\/\/www.comunicatur.info\/wp-content\/uploads\/2022\/12\/Pta-Patronat-Meritxell-Roige.jpg 1273w\" sizes=\"(max-width: 200px) 100vw, 200px\" \/><figcaption id=\"caption-attachment-21523\" class=\"wp-caption-text\">Meritxell Roig\u00e9, presidenta del Patronato de Turismo de la Diputaci\u00f3n<\/figcaption><\/figure>\n<p>A nivel institucional el acto ha contado con la presencia de <em><strong>Noem\u00ed Llaurad\u00f3<\/strong>, presidenta de la Diputaci\u00f3n de Tarragona; <strong>Meritxell Roig\u00e9<\/strong>, presidenta del Patronato de Turismo de la Diputaci\u00f3n y <strong>Marta Dom\u00e8nech<\/strong>, directora general de Turismo de la Generalitat.<\/em><\/p>\n<p>En los parlamentos, <strong>Noem\u00ed Llaurad\u00f3<\/strong> alab\u00f3 el trabajo realizado, constatado por los datos del ejercicio de este a\u00f1o y dijo que <em>\u201cseguimos trabajando para consolidar y mejorar estos buenos resultados y por eso <strong>hemos reforzado la b\u00fasqueda de estrategias que supongan un impacto decisivo y prolongado en el tiempo sobre las infraestructuras y los recursos tur\u00edsticos.<\/strong> Continuaremos trabajando para lograr un modelo tur\u00edstico sostenible para la sociedad de acogida, <strong>un modelo que genere prosperidad y contribuya a aumentar la calidad de vida de la ciudadan\u00eda\u201d.<\/strong><\/em><\/p>\n<p>Por su parte, <strong>Meritxell Roig\u00e9<\/strong> ha destacado el esfuerzo del sector, al que interpel\u00f3 diciendo que <em><strong>\u201ceste ha sido un a\u00f1o donde se ha confirmado la recuperaci\u00f3n de visitantes y, en especial, el retorno del turismo internacional. <\/strong>Y esto ha sido posible gracias a vuestro esfuerzo en un escenario todav\u00eda incierto, con nuevos obst\u00e1culos, como la crisis energ\u00e9tica o el aumento de precios generalizado<strong>\u201d.<\/strong><\/em><\/p>\n<p><em>Un a\u00f1o que invita al optimismo<\/em><\/p>\n<p><em>La Nit del Turisme ha servido tambi\u00e9n para poner sobre la mesa los buenos datos de la temporada. <strong>En las Terres de l\u2019Ebre<\/strong> se han registrado 1.456.138 estancias en alojamientos tur\u00edsticos (enero-octubre), <strong>un 20% m\u00e1s que en el mismo periodo del 2019<\/strong>, el famoso a\u00f1o prepand\u00e9mico. <strong>La ocupaci\u00f3n ha llegado al 46,3%, un 8% m\u00e1s.<\/strong><\/em><\/p>\n<p><em><strong>En la Costa Daurada<\/strong><\/em><em> se han registrado 17.575.583 pernoctaciones (enero-octubre), un 6% menos que en el mismo periodo del 2019, siendo la ocupaci\u00f3n del 54,1% (-3%).<\/em><\/p>\n<p><em>En la bonanza de los datos hay un factor clave: el aeropuerto de Reus<\/em> <a href=\"https:\/\/www.comunicatur.info\/es\/la-costa-daurada-recupera-el-90-de-la-operativa-del-aeropuerto-de-reus-con-mas-de-un-millon-de-plazas\/\"><strong><em>(ver la noticia en Comunicatur)<\/em><\/strong><\/a>, que tambi\u00e9n hasta octubre ha tenido 909.506 usuarios, dato que supone la recuperaci\u00f3n del 87,5% de pasajeros respecto al mismo periodo del 2019.<\/p>\n<p>Por mercados, hay que decir que <strong>el franc\u00e9s es el mercado emisor internacional m\u00e1s importante<\/strong> para la Costa Daurada, con un 12,6% del total de visitantes. Le siguen el brit\u00e1nico (10,1%), el irland\u00e9s (5,3%), el de los Pa\u00edses Bajos (5,1%) y el alem\u00e1n (3,5%).<\/p>\n<p>A nivel interno, <strong>los mercados espa\u00f1ol y catal\u00e1n tienen un peso bastante importante, puesto que representan el 56% de los visitantes a la Costa Dorada y<\/strong> <strong>son mayoritarios en las Terres de l\u2019Ebre con un 78,3%.<\/strong><\/p>\n<h4>Premios \u201cCosta Daurada\u201d y \u201cJordi Cartany\u00e0\u201d<\/h4>\n<p><img class=\"alignright size-medium wp-image-21521\" src=\"https:\/\/www.comunicatur.info\/wp-content\/uploads\/2022\/12\/Foto-familia-premiats-Nit-Turisme-300x173.jpg\" alt=\"\" width=\"300\" height=\"173\" srcset=\"https:\/\/www.comunicatur.info\/wp-content\/uploads\/2022\/12\/Foto-familia-premiats-Nit-Turisme-300x173.jpg 300w, https:\/\/www.comunicatur.info\/wp-content\/uploads\/2022\/12\/Foto-familia-premiats-Nit-Turisme-1024x591.jpg 1024w, https:\/\/www.comunicatur.info\/wp-content\/uploads\/2022\/12\/Foto-familia-premiats-Nit-Turisme-768x443.jpg 768w, https:\/\/www.comunicatur.info\/wp-content\/uploads\/2022\/12\/Foto-familia-premiats-Nit-Turisme-600x346.jpg 600w, https:\/\/www.comunicatur.info\/wp-content\/uploads\/2022\/12\/Foto-familia-premiats-Nit-Turisme.jpg 1340w\" sizes=\"(max-width: 300px) 100vw, 300px\" \/>Como ya es tradicional, la velada cont\u00f3 con el reconocimiento a entidades. Este a\u00f1o el Patronato de Turismo de la Diputaci\u00f3n de Tarragona ha librado <strong>el galard\u00f3n \u201cCosta Daurada i Terres de l\u2019Ebre\u201d a <\/strong><a href=\"http:\/\/tempo.greendestinations.org\/\" target=\"_blank\" rel=\"noopener\"><strong>Green Destinations<\/strong><\/a><strong>. <\/strong>Esta organizaci\u00f3n sin \u00e1nimo de lucro re\u00fane expertos y embajadores de destinos tur\u00edsticos con el objetivo de mejorar la sostenibilidad, la visibilidad y la calidad de la experiencia tur\u00edstica en los destinos. Trabaja en 80 pa\u00edses y apoya a una gran comunidad de gestores de destinos locales, regionales y nacionales. <strong>Desde 2016 Green Destinations incluye las Terres de l\u2019Ebre dentro de su prestigioso listado <em>Top 100 Green Destinations<\/em>,<\/strong> los 100 destinos m\u00e1s sostenibles a nivel mundial.<\/p>\n<p><strong>El Premio Jordi Cartany\u00e0 2022<\/strong> ha distinguido seis iniciativas empresariales de la demarcaci\u00f3n. Cada una de ellas ha recibido 5.000 euros de premio, por un importe total de 30.000 euros. Los ganadores de este a\u00f1o han sido los siguientes:<\/p>\n<ul>\n<li>Mejor propuesta innovadora y creativa que contribuya a un desarrollo tur\u00edstico sostenible: <a href=\"https:\/\/www.blaumarhotel.com\/\" target=\"_blank\" rel=\"noopener\"><strong>Hotel Blaumar<\/strong><\/a> <em><strong>de Salou<\/strong><\/em><em> por su trayectoria en la gesti\u00f3n sostenible de un alojamiento de litoral y <\/em><a href=\"https:\/\/plancton.cat\/es\/plancton-divulgacio-i-serveis-marins-espanol\/\" target=\"_blank\" rel=\"noopener\"><strong>Pl\u00e0ncton Divulgaci\u00f3 i Serveis Marins<\/strong><\/a> <em><strong>de l\u2019Ametlla de Mar<\/strong> por un escape room bajo el mar pionero en el mundo que permite descubrir el fondo marino y el cuidado del medio natural.<\/em><\/li>\n<li>Mejor propuesta de soluciones tecnol\u00f3gicas para la comercializaci\u00f3n tur\u00edstica: <a href=\"https:\/\/www.lafou.net\/ca\/\" target=\"_blank\" rel=\"noopener\"><strong>Lafou Celler<\/strong><\/a> <em><strong>de Batea<\/strong><\/em><em>. Se ha reconocido su experiencia enotur\u00edstica innovadora destinada al segmento familiar y que propone un juego interactivo de investigaci\u00f3n de pistas que favorece la visita de los recursos patrimoniales del entorno con el uso de apoyos en l\u00ednea y c\u00f3digos QR y <\/em><a href=\"https:\/\/www.magnore.com\/\" target=\"_blank\" rel=\"noopener\"><strong>Magnore<\/strong><\/a> <em><strong>de Tarragona<\/strong><\/em><em> por la creaci\u00f3n de itinerarios tur\u00edsticos basados en la ludificaci\u00f3n y\/o guiados a trav\u00e9s de una plataforma web.<\/em><\/li>\n<li>Mejor creaci\u00f3n de nuevos productos de turismo experiencial: <a href=\"https:\/\/www.xaletdeprades.com\/\" target=\"_blank\" rel=\"noopener\"><strong>Xalets de Prades<\/strong><\/a>, una empresa de alojamientos rurales que se complementa con instalaciones y actividades tur\u00edsticas experienciales relacionadas con la naturaleza y el mundo rural sostenibles, ecol\u00f3gicas e integradas en la oferta de su entorno y <a href=\"https:\/\/xococreo.com\/?lang=es\" target=\"_blank\" rel=\"noopener\"><strong>Xocolates Creo<\/strong><\/a><strong> de Tortosa, <\/strong>una empresa que propone un recorrido guiado por la \u00fanica f\u00e1brica tradicional de chocolate activa en las Terres de l\u2019Ebre, una actividad que pone en valor el patrimonio industrial, el legado y el archivo hist\u00f3rico documental.<\/li>\n<\/ul>\n<p>El acto fue conducido con profesionalidad por la periodista de R\u00e0dio Ebre (cadena SER) Silvia Tejedor.<\/p>\n<p>Pod\u00e9is ver el desarrollo de la 30\u00aa Nit del Turisme en este v\u00eddeo de Canal21Ebre <a href=\"https:\/\/www.youtube.com\/watch?v=-VKwGTG7XMo\" target=\"_blank\" rel=\"noopener\"><strong>AQU\u00cd<\/strong><\/a>.<\/p>\n<p><iframe title=\"YouTube video player\" src=\"https:\/\/www.youtube.com\/embed\/-VKwGTG7XMo\" width=\"560\" height=\"315\" frameborder=\"0\" allowfullscreen=\"allowfullscreen\"><\/iframe><\/p>\n<blockquote class=\"wp-embedded-content\" data-secret=\"HkvGVwwJGd\"><p><a href=\"https:\/\/www.comunicatur.info\/es\/la-costa-daurada-recupera-el-90-de-la-operativa-del-aeropuerto-de-reus-con-mas-de-un-millon-de-plazas\/\">La Costa Daurada recupera el 90% de la operativa del aeropuerto de Reus con m\u00e1s de un mill\u00f3n de plazas<\/a><\/p><\/blockquote>\n<p><iframe class=\"wp-embedded-content\" sandbox=\"allow-scripts\" security=\"restricted\" style=\"position: absolute; clip: rect(1px, 1px, 1px, 1px);\" title=\"\u00abLa Costa Daurada recupera el 90% de la operativa del aeropuerto de Reus con m\u00e1s de un mill\u00f3n de plazas\u00bb \u2014 Comunicatur\" src=\"https:\/\/www.comunicatur.info\/es\/la-costa-daurada-recupera-el-90-de-la-operativa-del-aeropuerto-de-reus-con-mas-de-un-millon-de-plazas\/embed\/#?secret=qNLMYeKHBj#?secret=HkvGVwwJGd\" data-secret=\"HkvGVwwJGd\" width=\"500\" height=\"282\" frameborder=\"0\" marginwidth=\"0\" marginheight=\"0\" scrolling=\"no\"><\/iframe><\/p>\n","protected":false},"excerpt":{"rendered":"<p>Un a\u00f1o m\u00e1s el sector tur\u00edstico de la demarcaci\u00f3n de Tarragona ha celebrado su Nit del Turisme, que este a\u00f1o ha vuelto a su formato habitual. El evento se ha celebrado por vez primera en las Terres de l\u2019Ebre, concretamente en el recinto ferial de Tortosa y ha reunido representantes de entes p\u00fablicos y privados &hellip;<\/p>\n","protected":false},"author":408,"featured_media":21519,"comment_status":"closed","ping_status":"open","sticky":false,"template":"","format":"standard","meta":[],"categories":[62],"tags":[],"_links":{"self":[{"href":"https:\/\/www.comunicatur.info\/es\/wp-json\/wp\/v2\/posts\/21527"}],"collection":[{"href":"https:\/\/www.comunicatur.info\/es\/wp-json\/wp\/v2\/posts"}],"about":[{"href":"https:\/\/www.comunicatur.info\/es\/wp-json\/wp\/v2\/types\/post"}],"author":[{"embeddable":true,"href":"https:\/\/www.comunicatur.info\/es\/wp-json\/wp\/v2\/users\/408"}],"replies":[{"embeddable":true,"href":"https:\/\/www.comunicatur.info\/es\/wp-json\/wp\/v2\/comments?post=21527"}],"version-history":[{"count":2,"href":"https:\/\/www.comunicatur.info\/es\/wp-json\/wp\/v2\/posts\/21527\/revisions"}],"predecessor-version":[{"id":21529,"href":"https:\/\/www.comunicatur.info\/es\/wp-json\/wp\/v2\/posts\/21527\/revisions\/21529"}],"wp:featuredmedia":[{"embeddable":true,"href":"https:\/\/www.comunicatur.info\/es\/wp-json\/wp\/v2\/media\/21519"}],"wp:attachment":[{"href":"https:\/\/www.comunicatur.info\/es\/wp-json\/wp\/v2\/media?parent=21527"}],"wp:term":[{"taxonomy":"category","embeddable":true,"href":"https:\/\/www.comunicatur.info\/es\/wp-json\/wp\/v2\/categories?post=21527"},{"taxonomy":"post_tag","embeddable":true,"href":"https:\/\/www.comunicatur.info\/es\/wp-json\/wp\/v2\/tags?post=21527"}],"curies":[{"name":"wp","href":"https:\/\/api.w.org\/{rel}","templated":true}]}}