{"id":21514,"date":"2022-12-12T00:00:07","date_gmt":"2022-12-11T22:00:07","guid":{"rendered":"https:\/\/www.comunicatur.info\/?p=21514"},"modified":"2022-12-10T11:39:14","modified_gmt":"2022-12-10T09:39:14","slug":"un-puente-de-diciembre-para-la-historia","status":"publish","type":"post","link":"https:\/\/www.comunicatur.info\/es\/un-puente-de-diciembre-para-la-historia\/","title":{"rendered":"Un Puente de Diciembre para la historia?"},"content":{"rendered":"<p>El sector tur\u00edstico ha cerrado diez d\u00edas de diciembre con un extraordinario resultado aunque desigual. El miedo a una recesi\u00f3n por la subida de precios y la inflaci\u00f3n no se ha manifestado y los turistas han llenado los establecimientos con cifras que superan a las del a\u00f1o 2019.<\/p>\n<p>Las ocupaciones variaron seg\u00fan la zona y los d\u00edas. Pr\u00e1cticamente la totalidad de establecimientos de monta\u00f1a han abierto mientras que en la costa la gran mayor\u00eda se han mantenido cerrados. As\u00ed, el interior y la monta\u00f1a junto con la nieve han tenido unos resultados excelentes aunque no tan altos como indicaban las previsiones. Los alojamientos han estado por encima del 80% de su capacidad, en el caso del Pirineo roz\u00f3 el 100%. Los fines de semana y los d\u00edas finales de semana (desde el 6 de diciembre) han sido los de mayor ocupaci\u00f3n.<\/p>\n<blockquote><p>Los turistas han llenado los establecimientos con cifras que superan a las del a\u00f1o 2019<\/p><\/blockquote>\n<p>Por su parte, la costa catalana tambi\u00e9n hace un balance positivo, pero con ocupaciones m\u00e1s bajas que en el interior. Hay que tener presente que muchos establecimientos del litoral cerraron al terminar la temporada de verano y no han abierto para estos d\u00edas de fiesta. El turista catal\u00e1n de proximidad realiza reservas de \u00faltima hora y la meteorolog\u00eda es un factor decisivo.<\/p>\n<p>Los alojamientos de la costa tarraconense y en la propia capital las ocupaciones se han situado por encima del 70%. Un dato interesante teniendo en cuenta que las temperaturas no han acompa\u00f1ado y la nieve ha sido un atractivo para muchos turistas.<\/p>\n<blockquote><p>Los hoteles a pie de pistas han logrado un lleno<\/p><\/blockquote>\n<p>Tambi\u00e9n las estaciones de esqu\u00ed han obtenido un incremento del 10% en el negocio con respecto a los ejercicios anteriores. El Puente ha servido para dar el pistoletazo de salida a la temporada de invierno con una ola de aficionados a la nieve desplaz\u00e1ndose a les estaciones. Los hoteles a pie de pistas han logrado un lleno y las estaciones han tenido los dos fines de semana una gran afluencia.<\/p>\n<p>Las agencias de viajes, dedicadas al turismo emisor, tambi\u00e9n han tenido un buen Puente. Han superado, o al menos igualado, las ventas de 2019. La coincidencia de los d\u00edas de fiesta justo entre semana ha facilitado que muchos clientes hayan podido plantearse unas vacaciones de media y larga distancia. Los destinos que m\u00e1s han triunfado han sido las capitales europeas, la ciudad de Nueva York y los resorts del Caribe. En Espa\u00f1a, los destinos que mejor resultado han tenido son Madrid, Barcelona Sevilla y las islas Canarias y Benidorm.<\/p>\n","protected":false},"excerpt":{"rendered":"<p>El sector tur\u00edstico ha cerrado diez d\u00edas de diciembre con un extraordinario resultado aunque desigual. El miedo a una recesi\u00f3n por la subida de precios y la inflaci\u00f3n no se ha manifestado y los turistas han llenado los establecimientos con cifras que superan a las del a\u00f1o 2019. Las ocupaciones variaron seg\u00fan la zona y &hellip;<\/p>\n","protected":false},"author":408,"featured_media":21511,"comment_status":"closed","ping_status":"open","sticky":false,"template":"","format":"standard","meta":[],"categories":[74],"tags":[],"_links":{"self":[{"href":"https:\/\/www.comunicatur.info\/es\/wp-json\/wp\/v2\/posts\/21514"}],"collection":[{"href":"https:\/\/www.comunicatur.info\/es\/wp-json\/wp\/v2\/posts"}],"about":[{"href":"https:\/\/www.comunicatur.info\/es\/wp-json\/wp\/v2\/types\/post"}],"author":[{"embeddable":true,"href":"https:\/\/www.comunicatur.info\/es\/wp-json\/wp\/v2\/users\/408"}],"replies":[{"embeddable":true,"href":"https:\/\/www.comunicatur.info\/es\/wp-json\/wp\/v2\/comments?post=21514"}],"version-history":[{"count":4,"href":"https:\/\/www.comunicatur.info\/es\/wp-json\/wp\/v2\/posts\/21514\/revisions"}],"predecessor-version":[{"id":21548,"href":"https:\/\/www.comunicatur.info\/es\/wp-json\/wp\/v2\/posts\/21514\/revisions\/21548"}],"wp:featuredmedia":[{"embeddable":true,"href":"https:\/\/www.comunicatur.info\/es\/wp-json\/wp\/v2\/media\/21511"}],"wp:attachment":[{"href":"https:\/\/www.comunicatur.info\/es\/wp-json\/wp\/v2\/media?parent=21514"}],"wp:term":[{"taxonomy":"category","embeddable":true,"href":"https:\/\/www.comunicatur.info\/es\/wp-json\/wp\/v2\/categories?post=21514"},{"taxonomy":"post_tag","embeddable":true,"href":"https:\/\/www.comunicatur.info\/es\/wp-json\/wp\/v2\/tags?post=21514"}],"curies":[{"name":"wp","href":"https:\/\/api.w.org\/{rel}","templated":true}]}}