{"id":21504,"date":"2022-12-05T00:00:47","date_gmt":"2022-12-04T22:00:47","guid":{"rendered":"https:\/\/www.comunicatur.info\/?p=21504"},"modified":"2023-02-11T14:57:34","modified_gmt":"2023-02-11T12:57:34","slug":"les-obras-de-la-primera-fase-de-la-via-blava-anoia-se-iniciaran-en-febrero","status":"publish","type":"post","link":"https:\/\/www.comunicatur.info\/es\/les-obras-de-la-primera-fase-de-la-via-blava-anoia-se-iniciaran-en-febrero\/","title":{"rendered":"Las obras de la primera fase de la Via Blava Anoia se iniciar\u00e1n en febrero"},"content":{"rendered":"<p>Se ha constituido en la Pobla de Claramunt <strong>la Mesa de Coordinaci\u00f3n entre la Diputaci\u00f3n de Barcelona y los cinco municipios implicados en la Via Blava Anoia:<\/strong> <strong>Santa Margarida de Montbui, Jorba, Igualada, Vilanova del Cam\u00ed i la Pobla de Claramunt. <\/strong>El encuentro, en el que han participado <strong>Abigail Garrido<\/strong>, diputada de Turismo de la Diputaci\u00f3n, <strong>Pere Pons<\/strong>, diputado de Infraestructuras y Espacios Naturales de la misma instituci\u00f3n y los alcaldes y concejales de turismo y de infraestructuras de los cinco municipios, ha servido para certificar que las obres de adecuaci\u00f3n de esta primera fase se iniciaran en febrero de 2023.<\/p>\n<p>La importancia del proyecto se hace patente en las palabras de <strong>Abigail Garrido<\/strong>, que dijo que este <em>\u201ces un proyecto que vela por la sostenibilidad y con un turismo ligado a la responsabilidad de los visitantes para que puedan conocer esta zona. Es un proyecto participado con el sector privado y el sector p\u00fablico, de forma que podamos ofrecer una experiencia inolvidable a las personas que nos puedan visitar\u201d.<\/em><\/p>\n<p>Hay que recordar que <strong>el proyecto V\u00edas Blaves Barcelona recibi\u00f3 4,5 millones de euros<\/strong> dentro de la convocatoria extraordinaria de los Planes de Sostenibilidad Tur\u00edstica en Destino (PSTD) para entes locales financiados con los Fondos Next Generation de la UE, a trav\u00e9s del Plan de Recuperaci\u00f3n, Transformaci\u00f3n y Resiliencia \u201cEspa\u00f1a Puede\u201d del Gobierno de Espa\u00f1a. <a href=\"https:\/\/www.comunicatur.info\/es\/la-diputacion-de-barcelona-recibe-45-millones-de-euros-del-gobierno-central-para-las-vies-blaves\/\"><strong><em>(Ver noticia en Comunicatur)<\/em><\/strong><\/a><strong>. <\/strong>Y estos 4,5 millones se han dedicado precisamente a llevar a cabo las obras de este primer tramo del Anoia.<\/p>\n<p><strong>Este tramo, de 19 kil\u00f3metros, unir\u00e1 los cinco municipios del Anoia<\/strong> i por eso las obras de adecuaci\u00f3n se basar\u00e1n en la creaci\u00f3n de itinerarios no motorizados; la implantaci\u00f3n de sistemas de alumbrado eficiente, pantallas LED y sistemas de alimentaci\u00f3n mediante energ\u00edas renovables; el dise\u00f1o e implementaci\u00f3n del Plan de marketing que contribuya a la promoci\u00f3n tur\u00edstica de la v\u00eda y a su posicionamiento nacional e internacional; la implementaci\u00f3n de un sistema de control de flujos de la v\u00eda a trav\u00e9s de su sensorizaci\u00f3n; la realizaci\u00f3n de actuaciones diversas para el fomento del turismo activo y la implementaci\u00f3n de un Plan estrat\u00e9gico y un Plan de calidad que garanticen la sostenibilidad del proyecto.<br \/>\nPor eso, <strong>Pere Pons<\/strong> record\u00f3 que <em>\u201cllevamos muchos a\u00f1os trabajando, codo con codo, con los ayuntamientos, el territorio y los diferentes departamentos de la Generalitat para hacer realidad la ejecuci\u00f3n de un proyecto donde hay que ser muy respetuosos con el entorno\u201d.<\/em><\/p>\n<p><strong>V\u00edas Blaves Barcelona quiere rehabilitar los cauces de los r\u00edos Llobregat, Cardener y Anoia<\/strong> <strong>para hacerlas transitables para la pr\u00e1ctica del senderismo y el cicloturismo.<\/strong> Recorrer\u00e1n 250 kil\u00f3metros y pasar\u00e1n por 49 municipios de 7 comarcas de la provincia de Barcelona.<br \/>\nLa idea del proyecto arranc\u00f3 en el a\u00f1o 2016 y entr\u00f3 en su recta final con la aprobaci\u00f3n del Plan Director Urban\u00edstico en 2019. Pod\u00e9is ver la noticia publicada en Comunicatur <a href=\"https:\/\/www.comunicatur.info\/es\/la-diputacion-de-barcelona-concluye-el-proyecto-de-las-vies-blaves-se-compromete-encargarse-de-su-mantenimiento\/\"><strong>AQU\u00cd.<\/strong><\/a><\/p>\n<blockquote class=\"wp-embedded-content\" data-secret=\"KqLYwiV06M\"><p><a href=\"https:\/\/www.comunicatur.info\/es\/la-diputacion-de-barcelona-recibe-45-millones-de-euros-del-gobierno-central-para-las-vies-blaves\/\">La Diputaci\u00f3n de Barcelona recibe 4,5 millones de euros del Gobierno central para las Vies Blaves<\/a><\/p><\/blockquote>\n<p><iframe class=\"wp-embedded-content\" sandbox=\"allow-scripts\" security=\"restricted\" style=\"position: absolute; clip: rect(1px, 1px, 1px, 1px);\" title=\"\u00abLa Diputaci\u00f3n de Barcelona recibe 4,5 millones de euros del Gobierno central para las Vies Blaves\u00bb \u2014 Comunicatur\" src=\"https:\/\/www.comunicatur.info\/es\/la-diputacion-de-barcelona-recibe-45-millones-de-euros-del-gobierno-central-para-las-vies-blaves\/embed\/#?secret=cUmjHWYYlP#?secret=KqLYwiV06M\" data-secret=\"KqLYwiV06M\" width=\"500\" height=\"282\" frameborder=\"0\" marginwidth=\"0\" marginheight=\"0\" scrolling=\"no\"><\/iframe><\/p>\n<blockquote class=\"wp-embedded-content\" data-secret=\"BEda0hsBSW\"><p><a href=\"https:\/\/www.comunicatur.info\/es\/la-diputacion-de-barcelona-concluye-el-proyecto-de-las-vies-blaves-se-compromete-encargarse-de-su-mantenimiento\/\">La Diputaci\u00f3n de Barcelona concluye el proyecto de las Vies Blaves i se compromete a encargarse de su mantenimiento<\/a><\/p><\/blockquote>\n<p><iframe class=\"wp-embedded-content\" sandbox=\"allow-scripts\" security=\"restricted\" style=\"position: absolute; clip: rect(1px, 1px, 1px, 1px);\" title=\"\u00abLa Diputaci\u00f3n de Barcelona concluye el proyecto de las Vies Blaves i se compromete a encargarse de su mantenimiento\u00bb \u2014 Comunicatur\" src=\"https:\/\/www.comunicatur.info\/es\/la-diputacion-de-barcelona-concluye-el-proyecto-de-las-vies-blaves-se-compromete-encargarse-de-su-mantenimiento\/embed\/#?secret=uyzTLz3o8b#?secret=BEda0hsBSW\" data-secret=\"BEda0hsBSW\" width=\"500\" height=\"282\" frameborder=\"0\" marginwidth=\"0\" marginheight=\"0\" scrolling=\"no\"><\/iframe><\/p>\n","protected":false},"excerpt":{"rendered":"<p>Se ha constituido en la Pobla de Claramunt la Mesa de Coordinaci\u00f3n entre la Diputaci\u00f3n de Barcelona y los cinco municipios implicados en la Via Blava Anoia: Santa Margarida de Montbui, Jorba, Igualada, Vilanova del Cam\u00ed i la Pobla de Claramunt. El encuentro, en el que han participado Abigail Garrido, diputada de Turismo de la &hellip;<\/p>\n","protected":false},"author":408,"featured_media":21497,"comment_status":"closed","ping_status":"open","sticky":false,"template":"","format":"standard","meta":[],"categories":[62,73],"tags":[],"_links":{"self":[{"href":"https:\/\/www.comunicatur.info\/es\/wp-json\/wp\/v2\/posts\/21504"}],"collection":[{"href":"https:\/\/www.comunicatur.info\/es\/wp-json\/wp\/v2\/posts"}],"about":[{"href":"https:\/\/www.comunicatur.info\/es\/wp-json\/wp\/v2\/types\/post"}],"author":[{"embeddable":true,"href":"https:\/\/www.comunicatur.info\/es\/wp-json\/wp\/v2\/users\/408"}],"replies":[{"embeddable":true,"href":"https:\/\/www.comunicatur.info\/es\/wp-json\/wp\/v2\/comments?post=21504"}],"version-history":[{"count":4,"href":"https:\/\/www.comunicatur.info\/es\/wp-json\/wp\/v2\/posts\/21504\/revisions"}],"predecessor-version":[{"id":21508,"href":"https:\/\/www.comunicatur.info\/es\/wp-json\/wp\/v2\/posts\/21504\/revisions\/21508"}],"wp:featuredmedia":[{"embeddable":true,"href":"https:\/\/www.comunicatur.info\/es\/wp-json\/wp\/v2\/media\/21497"}],"wp:attachment":[{"href":"https:\/\/www.comunicatur.info\/es\/wp-json\/wp\/v2\/media?parent=21504"}],"wp:term":[{"taxonomy":"category","embeddable":true,"href":"https:\/\/www.comunicatur.info\/es\/wp-json\/wp\/v2\/categories?post=21504"},{"taxonomy":"post_tag","embeddable":true,"href":"https:\/\/www.comunicatur.info\/es\/wp-json\/wp\/v2\/tags?post=21504"}],"curies":[{"name":"wp","href":"https:\/\/api.w.org\/{rel}","templated":true}]}}