{"id":21491,"date":"2022-12-14T00:00:39","date_gmt":"2022-12-13T22:00:39","guid":{"rendered":"https:\/\/www.comunicatur.info\/?p=21491"},"modified":"2023-02-11T14:58:34","modified_gmt":"2023-02-11T12:58:34","slug":"los-almadieros-y-el-toque-manual-de-campanas-son-patrimonio-de-la-humanidad","status":"publish","type":"post","link":"https:\/\/www.comunicatur.info\/es\/los-almadieros-y-el-toque-manual-de-campanas-son-patrimonio-de-la-humanidad\/","title":{"rendered":"Los almadieros y el toque manual de campanas son Patrimonio de la Humanidad"},"content":{"rendered":"<p>La UNESCO ha declarado <a href=\"https:\/\/elsraiers.cat\/\" target=\"_blank\" rel=\"noopener\">el oficio de los almadieros o \u201craiers\u201d<\/a> como Patrimonio Inmaterial de la Humanidad. Cuarenta asociaciones raieras de Austria, Chequia, Alemania, Letonia, Polonia y Espa\u00f1a han presentado conjutamente la candidatura internacional.<\/p>\n<figure id=\"attachment_21485\" aria-describedby=\"caption-attachment-21485\" style=\"width: 300px\" class=\"wp-caption alignright\"><img class=\"size-medium wp-image-21485\" src=\"https:\/\/www.comunicatur.info\/wp-content\/uploads\/2022\/12\/CampanersAjuntament-O\u0300s-Balaguer-2048x1152-1-300x169.webp\" alt=\"\" width=\"300\" height=\"169\" srcset=\"https:\/\/www.comunicatur.info\/wp-content\/uploads\/2022\/12\/CampanersAjuntament-O\u0300s-Balaguer-2048x1152-1-300x169.webp 300w, https:\/\/www.comunicatur.info\/wp-content\/uploads\/2022\/12\/CampanersAjuntament-O\u0300s-Balaguer-2048x1152-1-1024x576.webp 1024w, https:\/\/www.comunicatur.info\/wp-content\/uploads\/2022\/12\/CampanersAjuntament-O\u0300s-Balaguer-2048x1152-1-768x432.webp 768w, https:\/\/www.comunicatur.info\/wp-content\/uploads\/2022\/12\/CampanersAjuntament-O\u0300s-Balaguer-2048x1152-1-600x338.webp 600w, https:\/\/www.comunicatur.info\/wp-content\/uploads\/2022\/12\/CampanersAjuntament-O\u0300s-Balaguer-2048x1152-1-1536x864.webp 1536w, https:\/\/www.comunicatur.info\/wp-content\/uploads\/2022\/12\/CampanersAjuntament-O\u0300s-Balaguer-2048x1152-1-390x220.webp 390w, https:\/\/www.comunicatur.info\/wp-content\/uploads\/2022\/12\/CampanersAjuntament-O\u0300s-Balaguer-2048x1152-1.webp 2048w\" sizes=\"(max-width: 300px) 100vw, 300px\" \/><figcaption id=\"caption-attachment-21485\" class=\"wp-caption-text\">\u00a9Ajuntament d&#8217;Os de Balaguer<\/figcaption><\/figure>\n<p>En Catalu\u00f1a, La Pobla de Segur en el Pallars Juss\u00e0, y Coll de Narg\u00f3, en <a href=\"http:\/\/www.alturgell.cat\/turisme\" target=\"_blank\" rel=\"noopener\">el Alt Urgell,<\/a> son los destinos reconocidos. Para las comarcas de Lleida esta disntinci\u00f3n de la UNESCO se suma al <a href=\"https:\/\/www.osbalaguer.cat\/actualitat\/noticies\/xxxiv-trobada-campaners-24-dabril-2022\" target=\"_blank\" rel=\"noopener\">toque manual de campanas como los que se hacen en Os de Balaguer<\/a> que tambi\u00e9n ha sido declarado patrimonio mundial. Esta segunda candidatura la ha liderado la Comunidad Valenciana<\/p>\n<p>La fiesta del Pirineo que celebra este antiguo oficio del transporte fluvial de la madera se proyectar\u00e1 internacionalmente con m\u00e1s fuerza tras este reconocimiento. En verano los turistas se acercan a la Pobla de Segur y en <a href=\"https:\/\/collnargo.ddl.net\/el-municipi\/turisme\/raiers-de-nargo\" target=\"_blank\" rel=\"noopener\">Coll de Narg\u00f3<\/a>, donde se celebran bajadas de balsas por el r\u00edo rememorando este oficio vinculado con los almadieros. El transporte de la madera por los r\u00edos fue durante siglos un modo de vida en todo el mundo, desde \u00c1frica hasta Norteam\u00e9rica o Asia.<\/p>\n","protected":false},"excerpt":{"rendered":"<p>La UNESCO ha declarado el oficio de los almadieros o \u201craiers\u201d como Patrimonio Inmaterial de la Humanidad. Cuarenta asociaciones raieras de Austria, Chequia, Alemania, Letonia, Polonia y Espa\u00f1a han presentado conjutamente la candidatura internacional. En Catalu\u00f1a, La Pobla de Segur en el Pallars Juss\u00e0, y Coll de Narg\u00f3, en el Alt Urgell, son los destinos &hellip;<\/p>\n","protected":false},"author":408,"featured_media":21487,"comment_status":"closed","ping_status":"open","sticky":false,"template":"","format":"standard","meta":[],"categories":[62,73],"tags":[],"_links":{"self":[{"href":"https:\/\/www.comunicatur.info\/es\/wp-json\/wp\/v2\/posts\/21491"}],"collection":[{"href":"https:\/\/www.comunicatur.info\/es\/wp-json\/wp\/v2\/posts"}],"about":[{"href":"https:\/\/www.comunicatur.info\/es\/wp-json\/wp\/v2\/types\/post"}],"author":[{"embeddable":true,"href":"https:\/\/www.comunicatur.info\/es\/wp-json\/wp\/v2\/users\/408"}],"replies":[{"embeddable":true,"href":"https:\/\/www.comunicatur.info\/es\/wp-json\/wp\/v2\/comments?post=21491"}],"version-history":[{"count":2,"href":"https:\/\/www.comunicatur.info\/es\/wp-json\/wp\/v2\/posts\/21491\/revisions"}],"predecessor-version":[{"id":21493,"href":"https:\/\/www.comunicatur.info\/es\/wp-json\/wp\/v2\/posts\/21491\/revisions\/21493"}],"wp:featuredmedia":[{"embeddable":true,"href":"https:\/\/www.comunicatur.info\/es\/wp-json\/wp\/v2\/media\/21487"}],"wp:attachment":[{"href":"https:\/\/www.comunicatur.info\/es\/wp-json\/wp\/v2\/media?parent=21491"}],"wp:term":[{"taxonomy":"category","embeddable":true,"href":"https:\/\/www.comunicatur.info\/es\/wp-json\/wp\/v2\/categories?post=21491"},{"taxonomy":"post_tag","embeddable":true,"href":"https:\/\/www.comunicatur.info\/es\/wp-json\/wp\/v2\/tags?post=21491"}],"curies":[{"name":"wp","href":"https:\/\/api.w.org\/{rel}","templated":true}]}}