{"id":21480,"date":"2022-12-02T00:00:56","date_gmt":"2022-12-01T22:00:56","guid":{"rendered":"https:\/\/www.comunicatur.info\/?p=21480"},"modified":"2022-12-01T20:00:27","modified_gmt":"2022-12-01T18:00:27","slug":"mar-de-llums-de-nadal-propuesta-navidena-del-museu-maritim-de-barcelona","status":"publish","type":"post","link":"https:\/\/www.comunicatur.info\/es\/mar-de-llums-de-nadal-propuesta-navidena-del-museu-maritim-de-barcelona\/","title":{"rendered":"Mar de Llums de Nadal, propuesta navide\u00f1a del Museu Mar\u00edtim de Barcelona"},"content":{"rendered":"<p>El Museu Mar\u00edtim de Barcelona ha decidido crear un espect\u00e1culo para toda la familia durante esta Navidad<strong>. Del 1 de diciembre al 8 de enero<\/strong> propone un paseo entre luces, m\u00fasica y colores que enriquecen las piezas m\u00e1s emblem\u00e1ticas del museo. <strong>Esta experiencia comienza en el Jard\u00ed del Museu, va navegando entre los nav\u00edos hist\u00f3ricos y finaliza en los secretos Jardins del Baluart.<\/strong><\/p>\n<p><img class=\"size-medium wp-image-21472 alignright\" src=\"https:\/\/www.comunicatur.info\/wp-content\/uploads\/2022\/12\/LlumsNadal-300x300.jpeg\" alt=\"\" width=\"300\" height=\"300\" srcset=\"https:\/\/www.comunicatur.info\/wp-content\/uploads\/2022\/12\/LlumsNadal-300x300.jpeg 300w, https:\/\/www.comunicatur.info\/wp-content\/uploads\/2022\/12\/LlumsNadal-150x150.jpeg 150w, https:\/\/www.comunicatur.info\/wp-content\/uploads\/2022\/12\/LlumsNadal.jpeg 512w\" sizes=\"(max-width: 300px) 100vw, 300px\" \/>Hay que recordar que el Museu Mar\u00edtim ocupa un edificio muy ligado a la historia de Barcelona. <strong>Considerado Monumento Hist\u00f3rico Art\u00edstico desde 1976, <\/strong>acoge el conjunto monumental de las Drassanes Reials de Barcelona, sus jardines y los Jardins del Baluard, que es el \u00fanico basti\u00f3n que se conserva de la antigua muralla de Barcelona del siglo XIV.<\/p>\n<p>Para hacer el recorrido, de una media hora de duraci\u00f3n, <strong>se programan 8 sesiones diarias, desde las 18.00 hasta las 22.00.<\/strong> Esto permite pensar en una fascinante aventura audiovisual apto para familias, grupos, amigos o parejas y complementa la oferta l\u00fadica de la ciudad durante la Navidad.<\/p>\n<p>Mar de Llums de Nadal<br \/>\nMuseu Mar\u00edtim de Barcelona<br \/>\nDel 1 de diciembre al 8 de enero de 2023.<br \/>\nDe 18.00 a 22.00<br \/>\nEntradas: adultos a partir de 12 euros y reducida para j\u00f3venes hasta 16 a\u00f1os, mayores de 65 a\u00f1os, estudiantes y personas con movilidad reducida.<br \/>\nExiste tambi\u00e9n el Pack4, para 2 adultos y 2 ni\u00f1os\/ni\u00f1as por 38 euros.<\/p>\n<p>Ten\u00e9is m\u00e1s informaci\u00f3n en: <a href=\"https:\/\/mardellums.com\/\" target=\"_blank\" rel=\"noopener\">https:\/\/mardellums.com\/<\/a><\/p>\n<p><a href=\"https:\/\/mardellums.com\/\" target=\"_blank\" rel=\"noopener\"><img class=\"aligncenter wp-image-21476\" src=\"https:\/\/www.comunicatur.info\/wp-content\/uploads\/2022\/12\/MardeLlums-300x37.jpg\" alt=\"\" width=\"450\" height=\"56\" srcset=\"https:\/\/www.comunicatur.info\/wp-content\/uploads\/2022\/12\/MardeLlums-300x37.jpg 300w, https:\/\/www.comunicatur.info\/wp-content\/uploads\/2022\/12\/MardeLlums-600x74.jpg 600w, https:\/\/www.comunicatur.info\/wp-content\/uploads\/2022\/12\/MardeLlums.jpg 728w\" sizes=\"(max-width: 450px) 100vw, 450px\" \/><\/a><\/p>\n","protected":false},"excerpt":{"rendered":"<p>El Museu Mar\u00edtim de Barcelona ha decidido crear un espect\u00e1culo para toda la familia durante esta Navidad. Del 1 de diciembre al 8 de enero propone un paseo entre luces, m\u00fasica y colores que enriquecen las piezas m\u00e1s emblem\u00e1ticas del museo. Esta experiencia comienza en el Jard\u00ed del Museu, va navegando entre los nav\u00edos hist\u00f3ricos &hellip;<\/p>\n","protected":false},"author":408,"featured_media":21474,"comment_status":"closed","ping_status":"open","sticky":false,"template":"","format":"standard","meta":[],"categories":[63],"tags":[],"_links":{"self":[{"href":"https:\/\/www.comunicatur.info\/es\/wp-json\/wp\/v2\/posts\/21480"}],"collection":[{"href":"https:\/\/www.comunicatur.info\/es\/wp-json\/wp\/v2\/posts"}],"about":[{"href":"https:\/\/www.comunicatur.info\/es\/wp-json\/wp\/v2\/types\/post"}],"author":[{"embeddable":true,"href":"https:\/\/www.comunicatur.info\/es\/wp-json\/wp\/v2\/users\/408"}],"replies":[{"embeddable":true,"href":"https:\/\/www.comunicatur.info\/es\/wp-json\/wp\/v2\/comments?post=21480"}],"version-history":[{"count":2,"href":"https:\/\/www.comunicatur.info\/es\/wp-json\/wp\/v2\/posts\/21480\/revisions"}],"predecessor-version":[{"id":21482,"href":"https:\/\/www.comunicatur.info\/es\/wp-json\/wp\/v2\/posts\/21480\/revisions\/21482"}],"wp:featuredmedia":[{"embeddable":true,"href":"https:\/\/www.comunicatur.info\/es\/wp-json\/wp\/v2\/media\/21474"}],"wp:attachment":[{"href":"https:\/\/www.comunicatur.info\/es\/wp-json\/wp\/v2\/media?parent=21480"}],"wp:term":[{"taxonomy":"category","embeddable":true,"href":"https:\/\/www.comunicatur.info\/es\/wp-json\/wp\/v2\/categories?post=21480"},{"taxonomy":"post_tag","embeddable":true,"href":"https:\/\/www.comunicatur.info\/es\/wp-json\/wp\/v2\/tags?post=21480"}],"curies":[{"name":"wp","href":"https:\/\/api.w.org\/{rel}","templated":true}]}}