{"id":21438,"date":"2022-11-28T00:00:41","date_gmt":"2022-11-27T22:00:41","guid":{"rendered":"https:\/\/www.comunicatur.info\/?p=21438"},"modified":"2022-11-24T21:18:22","modified_gmt":"2022-11-24T19:18:22","slug":"espana-ya-cuenta-con-13-restaurantes-con-tres-estrellas-michelin","status":"publish","type":"post","link":"https:\/\/www.comunicatur.info\/es\/espana-ya-cuenta-con-13-restaurantes-con-tres-estrellas-michelin\/","title":{"rendered":"Espa\u00f1a ya cuenta con 13 restaurantes con tres estrellas Michelin"},"content":{"rendered":"<p>La nueva edici\u00f3n de la gala de la Gu\u00eda Michelin Espa\u00f1a &amp; Portugal 2023 ha coronado a dos nuevos restaurantes con la m\u00e1xima distinci\u00f3n.<\/p>\n<p>El restaurante Cocina Hermanos Torres de Barcelona y el Atrio de C\u00e1ceres han obtenido su tercera estrella situando a Espa\u00f1a con 13 establecimientos con la m\u00e1xima distinci\u00f3n de la prestigiosa gu\u00eda gastron\u00f3mica. Han tenido que pasar cuatro a\u00f1os para que Espa\u00f1a vuelva a sumar un restaurante <em>triestrellado.<\/em><\/p>\n<p>Los hermanos Javier y Sergio Torres y el chef To\u00f1o P\u00e9rez con su jefe de sala y sumeller Jos\u00e9 Polo han sido los triunfadores de la gu\u00eda 2023. La cocina espa\u00f1ola cosecha suficientes estrellas como para situarse entre las de referencia mundial. En total hay 250 establecimientos con una, dos y tres estrellas. Solo en esta edici\u00f3n 29 restaurantes han conseguido su primera estrella.<\/p>\n<p>Catalu\u00f1a y Euskadi encabezan la lista de comunidades con mayor n\u00famero de <em>triestrellados<\/em>, ambas con cuatro restaurantes. Y en ellas, sus ciudades de referencia, Barcelona y San Sebasti\u00e1n tienen tres restaurantes con tres estrellas.<\/p>\n<p>La gu\u00eda Michel\u00edn ha querido destacar que esta edici\u00f3n se ha caracterizado por la apuesta de los grandes hoteles por la alta gastronom\u00eda y por una cantera de j\u00f3venes chefs que no para de crecer. Tambi\u00e9n explican que la cocina de fusi\u00f3n y las opciones vegetarianas siguen ganando protagonismo.<\/p>\n<p><a href=\"https:\/\/guide.michelin.com\/es\/es\/articulo\/michelin-star-revelation\/todas-las-estrellas-de-la-guia-espana-portugal\" target=\"_blank\" rel=\"noopener\">Todas las Estrellas de la Gu\u00eda Espa\u00f1a &amp; Portugal 2023<\/a><\/p>\n","protected":false},"excerpt":{"rendered":"<p>La nueva edici\u00f3n de la gala de la Gu\u00eda Michelin Espa\u00f1a &amp; Portugal 2023 ha coronado a dos nuevos restaurantes con la m\u00e1xima distinci\u00f3n. El restaurante Cocina Hermanos Torres de Barcelona y el Atrio de C\u00e1ceres han obtenido su tercera estrella situando a Espa\u00f1a con 13 establecimientos con la m\u00e1xima distinci\u00f3n de la prestigiosa gu\u00eda &hellip;<\/p>\n","protected":false},"author":408,"featured_media":21435,"comment_status":"closed","ping_status":"open","sticky":false,"template":"","format":"standard","meta":[],"categories":[61],"tags":[],"_links":{"self":[{"href":"https:\/\/www.comunicatur.info\/es\/wp-json\/wp\/v2\/posts\/21438"}],"collection":[{"href":"https:\/\/www.comunicatur.info\/es\/wp-json\/wp\/v2\/posts"}],"about":[{"href":"https:\/\/www.comunicatur.info\/es\/wp-json\/wp\/v2\/types\/post"}],"author":[{"embeddable":true,"href":"https:\/\/www.comunicatur.info\/es\/wp-json\/wp\/v2\/users\/408"}],"replies":[{"embeddable":true,"href":"https:\/\/www.comunicatur.info\/es\/wp-json\/wp\/v2\/comments?post=21438"}],"version-history":[{"count":2,"href":"https:\/\/www.comunicatur.info\/es\/wp-json\/wp\/v2\/posts\/21438\/revisions"}],"predecessor-version":[{"id":21440,"href":"https:\/\/www.comunicatur.info\/es\/wp-json\/wp\/v2\/posts\/21438\/revisions\/21440"}],"wp:featuredmedia":[{"embeddable":true,"href":"https:\/\/www.comunicatur.info\/es\/wp-json\/wp\/v2\/media\/21435"}],"wp:attachment":[{"href":"https:\/\/www.comunicatur.info\/es\/wp-json\/wp\/v2\/media?parent=21438"}],"wp:term":[{"taxonomy":"category","embeddable":true,"href":"https:\/\/www.comunicatur.info\/es\/wp-json\/wp\/v2\/categories?post=21438"},{"taxonomy":"post_tag","embeddable":true,"href":"https:\/\/www.comunicatur.info\/es\/wp-json\/wp\/v2\/tags?post=21438"}],"curies":[{"name":"wp","href":"https:\/\/api.w.org\/{rel}","templated":true}]}}