{"id":21379,"date":"2022-11-18T00:00:16","date_gmt":"2022-11-17T22:00:16","guid":{"rendered":"https:\/\/www.comunicatur.info\/?p=21379"},"modified":"2023-02-11T14:53:13","modified_gmt":"2023-02-11T12:53:13","slug":"el-logotipo-de-la-37-copa-america-se-vincula-a-barcelona","status":"publish","type":"post","link":"https:\/\/www.comunicatur.info\/es\/el-logotipo-de-la-37-copa-america-se-vincula-a-barcelona\/","title":{"rendered":"El logotipo de la 37 Copa Am\u00e9rica se vincula a Barcelona"},"content":{"rendered":"<p>Los responsables de la principal competici\u00f3n n\u00e1utica internacional -la f\u00f3rmula 1 de la vela- han decidido darle un protagonismo a la ciudad que acoge la cita deportiva como nunca antes se hab\u00eda hecho con una sede. El dise\u00f1o del distintivo del evento que se proyectar\u00e1 por todo mundo incorpora la B que identifica a Barcelona, \u200b\u200bprimera vez que sucede.<\/p>\n<p><img class=\"size-medium wp-image-21381 alignright\" src=\"https:\/\/www.comunicatur.info\/wp-content\/uploads\/2022\/11\/logo_copaAmerica-300x132.jpg\" alt=\"\" width=\"300\" height=\"132\" srcset=\"https:\/\/www.comunicatur.info\/wp-content\/uploads\/2022\/11\/logo_copaAmerica-300x132.jpg 300w, https:\/\/www.comunicatur.info\/wp-content\/uploads\/2022\/11\/logo_copaAmerica.jpg 306w\" sizes=\"(max-width: 300px) 100vw, 300px\" \/>Las cifras que mueve la Copa Am\u00e9rica son tan exageradas que cuesta imaginarse el impacto que va a generar. Calculan que ser\u00e1 de 1.000 millones de euros con unas audiencias que se acerquen a los 900 millones de espectadores. Los promotores aseguran que ser\u00eda el tercer evento deportivo de mayor impacto, s\u00f3lo por detr\u00e1s de unos Juegos Ol\u00edmpicos y un Mundial de F\u00fatbol.<\/p>\n<p>Desde el 22 de agosto, fecha de la ceremonia inaugural, hasta el 27 de octubre de 2024, la costa catalana acoger\u00e1 las diferentes pruebas de la competici\u00f3n. Pese a que el campo de regatas no est\u00e1 definido el presidente de America&#8217;s Cup, Grant Dalton, ha afirmado que las caracter\u00edsticas del litoral tanto por su profundidad como el comportamiento del viento permiten realizar regatas a 200 metros de la playa.<\/p>\n<p>La proximidad de las embarcaciones a la costa facilitar\u00e1 que los aficionados que lo deseen puedan seguir el evento gratuitamente desde las playas barcelonesas. Una situaci\u00f3n que podr\u00e1 animar a\u00fan m\u00e1s a muchos amantes a la vela a desplazarse hasta la capital catalana para disfrutar de tan m\u00edtico acontecimiento. El turista que se desplaza por la Copa Am\u00e9rica suele realizar una estancia de al menos dos semanas y puede alargarse hasta dos meses.<\/p>\n","protected":false},"excerpt":{"rendered":"<p>Los responsables de la principal competici\u00f3n n\u00e1utica internacional -la f\u00f3rmula 1 de la vela- han decidido darle un protagonismo a la ciudad que acoge la cita deportiva como nunca antes se hab\u00eda hecho con una sede. El dise\u00f1o del distintivo del evento que se proyectar\u00e1 por todo mundo incorpora la B que identifica a Barcelona, &hellip;<\/p>\n","protected":false},"author":408,"featured_media":21376,"comment_status":"closed","ping_status":"open","sticky":false,"template":"","format":"standard","meta":[],"categories":[62,73],"tags":[],"_links":{"self":[{"href":"https:\/\/www.comunicatur.info\/es\/wp-json\/wp\/v2\/posts\/21379"}],"collection":[{"href":"https:\/\/www.comunicatur.info\/es\/wp-json\/wp\/v2\/posts"}],"about":[{"href":"https:\/\/www.comunicatur.info\/es\/wp-json\/wp\/v2\/types\/post"}],"author":[{"embeddable":true,"href":"https:\/\/www.comunicatur.info\/es\/wp-json\/wp\/v2\/users\/408"}],"replies":[{"embeddable":true,"href":"https:\/\/www.comunicatur.info\/es\/wp-json\/wp\/v2\/comments?post=21379"}],"version-history":[{"count":3,"href":"https:\/\/www.comunicatur.info\/es\/wp-json\/wp\/v2\/posts\/21379\/revisions"}],"predecessor-version":[{"id":21384,"href":"https:\/\/www.comunicatur.info\/es\/wp-json\/wp\/v2\/posts\/21379\/revisions\/21384"}],"wp:featuredmedia":[{"embeddable":true,"href":"https:\/\/www.comunicatur.info\/es\/wp-json\/wp\/v2\/media\/21376"}],"wp:attachment":[{"href":"https:\/\/www.comunicatur.info\/es\/wp-json\/wp\/v2\/media?parent=21379"}],"wp:term":[{"taxonomy":"category","embeddable":true,"href":"https:\/\/www.comunicatur.info\/es\/wp-json\/wp\/v2\/categories?post=21379"},{"taxonomy":"post_tag","embeddable":true,"href":"https:\/\/www.comunicatur.info\/es\/wp-json\/wp\/v2\/tags?post=21379"}],"curies":[{"name":"wp","href":"https:\/\/api.w.org\/{rel}","templated":true}]}}