{"id":21343,"date":"2022-11-14T00:00:53","date_gmt":"2022-11-13T22:00:53","guid":{"rendered":"https:\/\/www.comunicatur.info\/?p=21343"},"modified":"2022-11-21T21:02:58","modified_gmt":"2022-11-21T19:02:58","slug":"nueva-regulacion-europea-para-obligar-a-airbnb-a-ser-transparente","status":"publish","type":"post","link":"https:\/\/www.comunicatur.info\/es\/nueva-regulacion-europea-para-obligar-a-airbnb-a-ser-transparente\/","title":{"rendered":"Nueva regulaci\u00f3n europea para obligar a Airbnb a ser transparente"},"content":{"rendered":"<p>La Comisi\u00f3n Europea parece que ahora propone un Reglamento que puede ayudar a las administraciones a controlar el alquiler tur\u00edstico. Pero esta transparencia en el sector del alquiler vacacional tardar\u00e1 a\u00f1os en llegar a aplicarse en Europa.<\/p>\n<p><img class=\"size-medium wp-image-19217 alignright\" src=\"https:\/\/www.comunicatur.info\/wp-content\/uploads\/2021\/03\/Comision_Europea-300x168.jpg\" alt=\"\" width=\"300\" height=\"168\" srcset=\"https:\/\/www.comunicatur.info\/wp-content\/uploads\/2021\/03\/Comision_Europea-300x168.jpg 300w, https:\/\/www.comunicatur.info\/wp-content\/uploads\/2021\/03\/Comision_Europea-768x429.jpg 768w, https:\/\/www.comunicatur.info\/wp-content\/uploads\/2021\/03\/Comision_Europea.jpg 1024w, https:\/\/www.comunicatur.info\/wp-content\/uploads\/2021\/03\/Comision_Europea-600x335.jpg 600w\" sizes=\"(max-width: 300px) 100vw, 300px\" \/>Las reglas ser\u00e1n comunes para todos los territorios. Cuando entre en vigor a\u00fan podr\u00e1n pasar dos a\u00f1os hasta que se ponga en marcha un sistema de transferencia de datos. Las plataformas online deber\u00e1n intercambiar con las administraciones p\u00fablicas competentes los datos de los agentes que realizan la actividad y de esa manera poder identificar la oferta ilegal con facilidad. El mecanismo ser\u00e1 el mismo para todo el territorio europeo y los estados y plataformas deber\u00e1n asumirlo.<\/p>\n<p>Entre la informaci\u00f3n que facilitar\u00e1n tambi\u00e9n est\u00e1 la del n\u00famero de registro para asegurar la legalidad, y las num\u00e9ricas referentes a estancias y clientes para llevar una estad\u00edstica tur\u00edstica ajustada a la realidad.<\/p>\n<p><img class=\"size-medium wp-image-18944 alignright\" src=\"https:\/\/www.comunicatur.info\/wp-content\/uploads\/2019\/10\/airbnb_2-300x300.jpg\" alt=\"\" width=\"300\" height=\"300\" srcset=\"https:\/\/www.comunicatur.info\/wp-content\/uploads\/2019\/10\/airbnb_2-300x300.jpg 300w, https:\/\/www.comunicatur.info\/wp-content\/uploads\/2019\/10\/airbnb_2-150x150.jpg 150w, https:\/\/www.comunicatur.info\/wp-content\/uploads\/2019\/10\/airbnb_2.jpg 400w\" sizes=\"(max-width: 300px) 100vw, 300px\" \/>Airbnb ha declarado que siempre se ha mostrado a favor de contar con una normativa com\u00fan y no con tantas leyes nacionales, regionales y locales diferentes. La directora de Pol\u00edticas P\u00fablicas de Airbnb, Georgina Browes, ha declarado que <strong>\u201cestas propuestas brindan un marco para que Airbnb ampl\u00ede la colaboraci\u00f3n con los gobiernos y facilite que los ciudadanos europeos compartan sus hogares siguiendo las reglas\u201d.<\/strong> La directiva asegura que llevan mucho tiempo apoyando el trabajo de la UE sobre las nuevas reglas porque dan un <strong>\u201cenfoque m\u00e1s armonizado\u201d.<\/strong> Para Airbnb <strong>\u201clas normas locales desproporcionadas socavan el mercado \u00fanico e impiden que las familias europeas compartan sus hogares para aumentar sus ingresos\u201d.<\/strong><\/p>\n<p>Por su parte, el sector hotelero, representado por CEHAT se ha felicitado de los pasos que est\u00e1 dando la Comisi\u00f3n Europea. Defienden que llegue la trasparencia y que las viviendas tur\u00edsticas puedan estar controladas igual que el resto de alojamientos: <strong>\u201cHan pasado de ser econom\u00eda colaborativa a una actividad econ\u00f3mica como el resto\u201d.<\/strong> Los hoteleros esperan que esta normativa europea ayude a gobiernos auton\u00f3micos y locales a hacer este control.<\/p>\n","protected":false},"excerpt":{"rendered":"<p>La Comisi\u00f3n Europea parece que ahora propone un Reglamento que puede ayudar a las administraciones a controlar el alquiler tur\u00edstico. Pero esta transparencia en el sector del alquiler vacacional tardar\u00e1 a\u00f1os en llegar a aplicarse en Europa. Las reglas ser\u00e1n comunes para todos los territorios. Cuando entre en vigor a\u00fan podr\u00e1n pasar dos a\u00f1os hasta &hellip;<\/p>\n","protected":false},"author":408,"featured_media":19347,"comment_status":"closed","ping_status":"open","sticky":false,"template":"","format":"standard","meta":[],"categories":[66],"tags":[],"_links":{"self":[{"href":"https:\/\/www.comunicatur.info\/es\/wp-json\/wp\/v2\/posts\/21343"}],"collection":[{"href":"https:\/\/www.comunicatur.info\/es\/wp-json\/wp\/v2\/posts"}],"about":[{"href":"https:\/\/www.comunicatur.info\/es\/wp-json\/wp\/v2\/types\/post"}],"author":[{"embeddable":true,"href":"https:\/\/www.comunicatur.info\/es\/wp-json\/wp\/v2\/users\/408"}],"replies":[{"embeddable":true,"href":"https:\/\/www.comunicatur.info\/es\/wp-json\/wp\/v2\/comments?post=21343"}],"version-history":[{"count":1,"href":"https:\/\/www.comunicatur.info\/es\/wp-json\/wp\/v2\/posts\/21343\/revisions"}],"predecessor-version":[{"id":21344,"href":"https:\/\/www.comunicatur.info\/es\/wp-json\/wp\/v2\/posts\/21343\/revisions\/21344"}],"wp:featuredmedia":[{"embeddable":true,"href":"https:\/\/www.comunicatur.info\/es\/wp-json\/wp\/v2\/media\/19347"}],"wp:attachment":[{"href":"https:\/\/www.comunicatur.info\/es\/wp-json\/wp\/v2\/media?parent=21343"}],"wp:term":[{"taxonomy":"category","embeddable":true,"href":"https:\/\/www.comunicatur.info\/es\/wp-json\/wp\/v2\/categories?post=21343"},{"taxonomy":"post_tag","embeddable":true,"href":"https:\/\/www.comunicatur.info\/es\/wp-json\/wp\/v2\/tags?post=21343"}],"curies":[{"name":"wp","href":"https:\/\/api.w.org\/{rel}","templated":true}]}}