{"id":21303,"date":"2022-11-08T00:00:10","date_gmt":"2022-11-07T22:00:10","guid":{"rendered":"https:\/\/www.comunicatur.info\/?p=21303"},"modified":"2023-02-11T14:48:33","modified_gmt":"2023-02-11T12:48:33","slug":"la-diputacion-de-barcelona-presente-en-la-world-travel-market-2022","status":"publish","type":"post","link":"https:\/\/www.comunicatur.info\/es\/la-diputacion-de-barcelona-presente-en-la-world-travel-market-2022\/","title":{"rendered":"La Diputaci\u00f3n de Barcelona, presente en la World Travel Market 2022"},"content":{"rendered":"<p>Un a\u00f1o m\u00e1s la Diputaci\u00f3n de Barcelona participa en la World Travel Market de Londres. Bajo la marca gen\u00e9rica <strong>\u201cBarcelona es mucho m\u00e1s\u201d<\/strong> participa con la marca <strong>\u201cCosta Barcelona\u201d.<\/strong> El objetivo es dar a conocer la oferta tur\u00edstica de las comarcas de Barcelona globalmente, haciendo una <strong>promoci\u00f3n del Destino Barcelona<\/strong> en un mercado estrat\u00e9gico de media distancia como es el brit\u00e1nico y por lo tanto, prioritario para la promoci\u00f3n tur\u00edstica de la Diputaci\u00f3n.<\/p>\n<p>La participaci\u00f3n de la Diputaci\u00f3n de Barcelona tiene lugar <strong>dentro del gran estand de la Agencia Catalana de Turismo<\/strong>, que tiene una superficie de 300 m<sup>2<\/sup> y donde hay hasta nueve marcas tur\u00edsticas catalanes y m\u00e1s de una veintena de empresas y entidades del sector.<\/p>\n<p>La <a href=\"https:\/\/www.wtm.com\/london\/en-gb.html\" target=\"_blank\" rel=\"noopener\"><strong>World Travel Market<\/strong><\/a> es una de las ferias profesionales m\u00e1s importantes del mundo. Lleva m\u00e1s de 40 ediciones y es un referente global del turismo. Este a\u00f1o tiene lugar <strong>del 7 al 9 de noviembre <\/strong>en el recinto Excel de Londres.<br \/>\nTradicionalmente ha sido una de las feries con m\u00e1s presencia catalana, por la importancia de este mercado, uno de los principales emisores para Catalu\u00f1a. Prueba de esto es que <strong>actualmente hasta siete compa\u00f1\u00edas a\u00e9reas operan desde el Reino Unido e Irlanda hacia Catalu\u00f1a<\/strong>, desde 25 aeropuertos diferentes. Las m\u00e1s importantes en n\u00famero de conexiones son TUI, Ryanair, Jet2 y Easyjet.<\/p>\n","protected":false},"excerpt":{"rendered":"<p>Un a\u00f1o m\u00e1s la Diputaci\u00f3n de Barcelona participa en la World Travel Market de Londres. Bajo la marca gen\u00e9rica \u201cBarcelona es mucho m\u00e1s\u201d participa con la marca \u201cCosta Barcelona\u201d. El objetivo es dar a conocer la oferta tur\u00edstica de las comarcas de Barcelona globalmente, haciendo una promoci\u00f3n del Destino Barcelona en un mercado estrat\u00e9gico de &hellip;<\/p>\n","protected":false},"author":408,"featured_media":19092,"comment_status":"closed","ping_status":"open","sticky":false,"template":"","format":"standard","meta":[],"categories":[62,63],"tags":[],"_links":{"self":[{"href":"https:\/\/www.comunicatur.info\/es\/wp-json\/wp\/v2\/posts\/21303"}],"collection":[{"href":"https:\/\/www.comunicatur.info\/es\/wp-json\/wp\/v2\/posts"}],"about":[{"href":"https:\/\/www.comunicatur.info\/es\/wp-json\/wp\/v2\/types\/post"}],"author":[{"embeddable":true,"href":"https:\/\/www.comunicatur.info\/es\/wp-json\/wp\/v2\/users\/408"}],"replies":[{"embeddable":true,"href":"https:\/\/www.comunicatur.info\/es\/wp-json\/wp\/v2\/comments?post=21303"}],"version-history":[{"count":1,"href":"https:\/\/www.comunicatur.info\/es\/wp-json\/wp\/v2\/posts\/21303\/revisions"}],"predecessor-version":[{"id":21304,"href":"https:\/\/www.comunicatur.info\/es\/wp-json\/wp\/v2\/posts\/21303\/revisions\/21304"}],"wp:featuredmedia":[{"embeddable":true,"href":"https:\/\/www.comunicatur.info\/es\/wp-json\/wp\/v2\/media\/19092"}],"wp:attachment":[{"href":"https:\/\/www.comunicatur.info\/es\/wp-json\/wp\/v2\/media?parent=21303"}],"wp:term":[{"taxonomy":"category","embeddable":true,"href":"https:\/\/www.comunicatur.info\/es\/wp-json\/wp\/v2\/categories?post=21303"},{"taxonomy":"post_tag","embeddable":true,"href":"https:\/\/www.comunicatur.info\/es\/wp-json\/wp\/v2\/tags?post=21303"}],"curies":[{"name":"wp","href":"https:\/\/api.w.org\/{rel}","templated":true}]}}