{"id":21179,"date":"2022-10-18T00:00:29","date_gmt":"2022-10-17T22:00:29","guid":{"rendered":"https:\/\/www.comunicatur.info\/?p=21179"},"modified":"2023-02-11T14:39:41","modified_gmt":"2023-02-11T12:39:41","slug":"cataluna-recupera-el-turismo-internacional","status":"publish","type":"post","link":"https:\/\/www.comunicatur.info\/es\/cataluna-recupera-el-turismo-internacional\/","title":{"rendered":"Catalu\u00f1a recupera el turismo internacional"},"content":{"rendered":"<p>En lo que va de a\u00f1o, los turistas internacionales que han viajado a Catalu\u00f1a suponen ya el 88% de la cifra de llegadas del mismo per\u00edodo de 2019. En cuanto al gasto tur\u00edstico, hasta el mes de agosto de este a\u00f1o, se han generado 11.232 millones de euros (-31,6%); en el caso de las pernoctaciones, se sit\u00faan en cerca de 59,5 millones (-22,8%).<\/p>\n<p>La ralentizaci\u00f3n del gasto internacional en Catalu\u00f1a est\u00e1 ligada al contexto actual y al cierre de mercados como Jap\u00f3n, Rusia y China, que se caracterizan por generar un gasto m\u00e1s elevado. La recuperaci\u00f3n de los visitantes extranjeros es un hecho porque s\u00f3lo falta un 12% para igualar los datos de 2019 pero las pernoctaciones y gasto tienen mayor dependencia de mercados de larga distancia.<\/p>\n<p><img class=\"alignright size-medium wp-image-21175\" src=\"https:\/\/www.comunicatur.info\/wp-content\/uploads\/2022\/10\/Jornada_JJMMEE-300x225.jpg\" alt=\"\" width=\"300\" height=\"225\" srcset=\"https:\/\/www.comunicatur.info\/wp-content\/uploads\/2022\/10\/Jornada_JJMMEE-300x225.jpg 300w, https:\/\/www.comunicatur.info\/wp-content\/uploads\/2022\/10\/Jornada_JJMMEE-1024x768.jpg 1024w, https:\/\/www.comunicatur.info\/wp-content\/uploads\/2022\/10\/Jornada_JJMMEE-768x576.jpg 768w, https:\/\/www.comunicatur.info\/wp-content\/uploads\/2022\/10\/Jornada_JJMMEE-600x450.jpg 600w, https:\/\/www.comunicatur.info\/wp-content\/uploads\/2022\/10\/Jornada_JJMMEE-1536x1152.jpg 1536w, https:\/\/www.comunicatur.info\/wp-content\/uploads\/2022\/10\/Jornada_JJMMEE.jpg 2048w\" sizes=\"(max-width: 300px) 100vw, 300px\" \/>Estos datos se han dado a conocer en las Jornadas Profesionales de Mercados Emisores organizadas por la Agencia Catalana de Turismo (ACT) con los directores de las 12 oficinas de promoci\u00f3n exterior de la ACT y que han contado con 300 asistentes profesionales. Entre las novedades de la jornada destaca la del director de promoci\u00f3n tur\u00edstica destinado a los pa\u00edses del Este que ha explicado telem\u00e1ticamente desde Bak\u00fa que est\u00e1 negociando la apertura de un vuelo directo entre Azerbayan y Barcelona.<\/p>\n<p><img class=\"alignleft size-medium wp-image-21173\" src=\"https:\/\/www.comunicatur.info\/wp-content\/uploads\/2022\/10\/Conseller_Roger_Torrent-300x200.jpg\" alt=\"\" width=\"300\" height=\"200\" srcset=\"https:\/\/www.comunicatur.info\/wp-content\/uploads\/2022\/10\/Conseller_Roger_Torrent-300x200.jpg 300w, https:\/\/www.comunicatur.info\/wp-content\/uploads\/2022\/10\/Conseller_Roger_Torrent-1024x683.jpg 1024w, https:\/\/www.comunicatur.info\/wp-content\/uploads\/2022\/10\/Conseller_Roger_Torrent-768x512.jpg 768w, https:\/\/www.comunicatur.info\/wp-content\/uploads\/2022\/10\/Conseller_Roger_Torrent-600x400.jpg 600w, https:\/\/www.comunicatur.info\/wp-content\/uploads\/2022\/10\/Conseller_Roger_Torrent-1536x1024.jpg 1536w, https:\/\/www.comunicatur.info\/wp-content\/uploads\/2022\/10\/Conseller_Roger_Torrent.jpg 1591w\" sizes=\"(max-width: 300px) 100vw, 300px\" \/>En la inauguraci\u00f3n de la jornada el consejero de Empresa y Trabajo de la Generalitat de Catalu\u00f1a, Roger Torrent, ha anunciado que est\u00e1 en marcha un <em><strong>\u201cejercicio de repensarnos\u201d<\/strong> <\/em>y que el fruto de esta reflexi\u00f3n <em><strong>\u201cse plasmar\u00e1 en el \u00e1mbito normativo y en los futuros planes estrat\u00e9gico y de marketing tur\u00edstico de Catalu\u00f1a\u201d<\/strong><\/em><\/p>\n","protected":false},"excerpt":{"rendered":"<p>En lo que va de a\u00f1o, los turistas internacionales que han viajado a Catalu\u00f1a suponen ya el 88% de la cifra de llegadas del mismo per\u00edodo de 2019. En cuanto al gasto tur\u00edstico, hasta el mes de agosto de este a\u00f1o, se han generado 11.232 millones de euros (-31,6%); en el caso de las pernoctaciones, &hellip;<\/p>\n","protected":false},"author":408,"featured_media":21171,"comment_status":"closed","ping_status":"open","sticky":false,"template":"","format":"standard","meta":[],"categories":[62,74,68,152],"tags":[],"_links":{"self":[{"href":"https:\/\/www.comunicatur.info\/es\/wp-json\/wp\/v2\/posts\/21179"}],"collection":[{"href":"https:\/\/www.comunicatur.info\/es\/wp-json\/wp\/v2\/posts"}],"about":[{"href":"https:\/\/www.comunicatur.info\/es\/wp-json\/wp\/v2\/types\/post"}],"author":[{"embeddable":true,"href":"https:\/\/www.comunicatur.info\/es\/wp-json\/wp\/v2\/users\/408"}],"replies":[{"embeddable":true,"href":"https:\/\/www.comunicatur.info\/es\/wp-json\/wp\/v2\/comments?post=21179"}],"version-history":[{"count":1,"href":"https:\/\/www.comunicatur.info\/es\/wp-json\/wp\/v2\/posts\/21179\/revisions"}],"predecessor-version":[{"id":21180,"href":"https:\/\/www.comunicatur.info\/es\/wp-json\/wp\/v2\/posts\/21179\/revisions\/21180"}],"wp:featuredmedia":[{"embeddable":true,"href":"https:\/\/www.comunicatur.info\/es\/wp-json\/wp\/v2\/media\/21171"}],"wp:attachment":[{"href":"https:\/\/www.comunicatur.info\/es\/wp-json\/wp\/v2\/media?parent=21179"}],"wp:term":[{"taxonomy":"category","embeddable":true,"href":"https:\/\/www.comunicatur.info\/es\/wp-json\/wp\/v2\/categories?post=21179"},{"taxonomy":"post_tag","embeddable":true,"href":"https:\/\/www.comunicatur.info\/es\/wp-json\/wp\/v2\/tags?post=21179"}],"curies":[{"name":"wp","href":"https:\/\/api.w.org\/{rel}","templated":true}]}}