{"id":21164,"date":"2022-10-17T00:00:38","date_gmt":"2022-10-16T22:00:38","guid":{"rendered":"https:\/\/www.comunicatur.info\/?p=21164"},"modified":"2022-10-16T17:30:50","modified_gmt":"2022-10-16T15:30:50","slug":"una-de-las-mejores-ediciones-del-salon-nautico-de-los-ultimos-anos","status":"publish","type":"post","link":"https:\/\/www.comunicatur.info\/es\/una-de-las-mejores-ediciones-del-salon-nautico-de-los-ultimos-anos\/","title":{"rendered":"Una de las mejores ediciones del Sal\u00f3n N\u00e1utico de los \u00faltimos a\u00f1os"},"content":{"rendered":"<p>Los cinco d\u00edas de Sal\u00f3n N\u00e1utico Internacional de Barcelona pueden considerarse de las mejores ediciones gracias a la gran afluencia de p\u00fablico registrada y a los contactos de negocio que se han establecido.<\/p>\n<p>La cita ha incrementado su oferta en un 22%, un 40% su espacio y ha superado de nuevo los 50.000 visitantes. El evento puede considerarse l\u00edder y de referencia de la n\u00e1utica de recreo y deportiva de Espa\u00f1a. La Asociaci\u00f3n Nacional de Empresas N\u00e1uticas (ANEN) colabora con Fira de Barcelona para organizar un sal\u00f3n que ha contado con la participaci\u00f3n de 279 expositores, m\u00e1s de 700 embarcaciones y 80 novedades.<\/p>\n<p>Entre las novedades, varios tipos de embarcaciones el\u00e9ctricas o h\u00edbridas para contribuir al incremento de la electrificaci\u00f3n de las motorizaciones para fomentar la sostenibilidad en el sector o La Copa del Am\u00e9rica que se celebrar\u00e1 en 2024 en las aguas de Barcelona con la presencia del equipo organizador neozeland\u00e9s y la visita del equipo suizo Alinghi que ya est\u00e1 entrenando en la capital catalana.<\/p>\n<p>El presidente del Sal\u00f3n N\u00e1utico, Luis Conde, ha destacado el papel del evento: <em><strong>\u00abhemos actuado como elemento dinamizador de ventas en unos momentos de tanta incertidumbre como los actuales\u201d<\/strong><\/em>. El sal\u00f3n ha reunido a 400 compradores internacionales, 28 catamaranes de gran eslora, 14 embarcaciones candidatas al premio a <em>Mejor Barco Europeo del A\u00f1o<\/em> y 15 startups de siete pa\u00edses que han presentado sus proyectos e iniciativas para una n\u00e1utica m\u00e1s digitalizada.<\/p>\n","protected":false},"excerpt":{"rendered":"<p>Los cinco d\u00edas de Sal\u00f3n N\u00e1utico Internacional de Barcelona pueden considerarse de las mejores ediciones gracias a la gran afluencia de p\u00fablico registrada y a los contactos de negocio que se han establecido. La cita ha incrementado su oferta en un 22%, un 40% su espacio y ha superado de nuevo los 50.000 visitantes. El &hellip;<\/p>\n","protected":false},"author":408,"featured_media":21161,"comment_status":"closed","ping_status":"open","sticky":false,"template":"","format":"standard","meta":[],"categories":[63],"tags":[],"_links":{"self":[{"href":"https:\/\/www.comunicatur.info\/es\/wp-json\/wp\/v2\/posts\/21164"}],"collection":[{"href":"https:\/\/www.comunicatur.info\/es\/wp-json\/wp\/v2\/posts"}],"about":[{"href":"https:\/\/www.comunicatur.info\/es\/wp-json\/wp\/v2\/types\/post"}],"author":[{"embeddable":true,"href":"https:\/\/www.comunicatur.info\/es\/wp-json\/wp\/v2\/users\/408"}],"replies":[{"embeddable":true,"href":"https:\/\/www.comunicatur.info\/es\/wp-json\/wp\/v2\/comments?post=21164"}],"version-history":[{"count":2,"href":"https:\/\/www.comunicatur.info\/es\/wp-json\/wp\/v2\/posts\/21164\/revisions"}],"predecessor-version":[{"id":21166,"href":"https:\/\/www.comunicatur.info\/es\/wp-json\/wp\/v2\/posts\/21164\/revisions\/21166"}],"wp:featuredmedia":[{"embeddable":true,"href":"https:\/\/www.comunicatur.info\/es\/wp-json\/wp\/v2\/media\/21161"}],"wp:attachment":[{"href":"https:\/\/www.comunicatur.info\/es\/wp-json\/wp\/v2\/media?parent=21164"}],"wp:term":[{"taxonomy":"category","embeddable":true,"href":"https:\/\/www.comunicatur.info\/es\/wp-json\/wp\/v2\/categories?post=21164"},{"taxonomy":"post_tag","embeddable":true,"href":"https:\/\/www.comunicatur.info\/es\/wp-json\/wp\/v2\/tags?post=21164"}],"curies":[{"name":"wp","href":"https:\/\/api.w.org\/{rel}","templated":true}]}}