{"id":21156,"date":"2022-10-19T00:00:08","date_gmt":"2022-10-18T22:00:08","guid":{"rendered":"https:\/\/www.comunicatur.info\/?p=21156"},"modified":"2023-02-11T14:41:34","modified_gmt":"2023-02-11T12:41:34","slug":"buenas-noticias-de-norwegian-en-barcelona-para-el-proximo-ano","status":"publish","type":"post","link":"https:\/\/www.comunicatur.info\/es\/buenas-noticias-de-norwegian-en-barcelona-para-el-proximo-ano\/","title":{"rendered":"Buenas noticias de Norwegian en Barcelona para el pr\u00f3ximo a\u00f1o"},"content":{"rendered":"<p>La compa\u00f1\u00eda Norwegian, que <a href=\"https:\/\/www.comunicatur.info\/es\/norwegian-entra-en-el-abismo-y-pone-un-primer-pie-en-la-quiebra\/\" target=\"_blank\" rel=\"noopener\">entr\u00f3 en el abismo en diciembre de 2020 y estuvo al borde de la quiebra,<\/a> quiere recuperar su presencia en Espa\u00f1a despu\u00e9s de haber pasado unos a\u00f1os complicados por una situaci\u00f3n financiera cr\u00edtica.<\/p>\n<p>Sus proyectos para 2023 son de crecimiento en Europa. Adquirir\u00e1 15 nuevos aviones para llegar a un total de 85 (hab\u00eda tenido hasta 150) y contratar\u00e1 a 300 pilotos y 500 tripulantes de cabina (de estos, unos setenta ser\u00e1n en Barcelona).<\/p>\n<p>Y es que la compa\u00f1\u00eda de bajo coste ha anunciado que reabrir\u00e1 su base en el Aeropuerto de Barcelona, \u200b\u200bdonde tendr\u00e1 dos aviones de forma permanente el pr\u00f3ximo mes de marzo para la temporada de verano. Todo indica que ser\u00e1n vuelos de temporada para conectar la capital catalana con los pa\u00edses n\u00f3rdicos, pero no para realizar vuelos de largo radio como cuando conectaba Barcelona con Estados Unidos. Ahora est\u00e1 operando a medio gas en Barcelona y con otros aeropuertos espa\u00f1oles.<\/p>\n<p>Adem\u00e1s de El Prat, Norwegian tendr\u00e1 bases en Alicante y M\u00e1laga con tres aviones permanentes en cada uno. Sin embargo, los datos de vuelos y pasajeros estar\u00e1n muy lejos de los que ten\u00eda antes del 2020 cuando los n\u00fameros se contabilizaban en millones (m\u00e1s de 8) y ahora mueve unas cuatro veces menos.<\/p>\n<p><a href=\"https:\/\/www.comunicatur.info\/es\/norwegian-entra-en-el-abismo-y-pone-un-primer-pie-en-la-quiebra\/\">https:\/\/www.comunicatur.info\/es\/norwegian-entra-en-el-abismo-y-pone-un-primer-pie-en-la-quiebra\/<\/a><\/p>\n","protected":false},"excerpt":{"rendered":"<p>La compa\u00f1\u00eda Norwegian, que entr\u00f3 en el abismo en diciembre de 2020 y estuvo al borde de la quiebra, quiere recuperar su presencia en Espa\u00f1a despu\u00e9s de haber pasado unos a\u00f1os complicados por una situaci\u00f3n financiera cr\u00edtica. Sus proyectos para 2023 son de crecimiento en Europa. Adquirir\u00e1 15 nuevos aviones para llegar a un total &hellip;<\/p>\n","protected":false},"author":408,"featured_media":21154,"comment_status":"closed","ping_status":"open","sticky":false,"template":"","format":"standard","meta":[],"categories":[61,65],"tags":[],"_links":{"self":[{"href":"https:\/\/www.comunicatur.info\/es\/wp-json\/wp\/v2\/posts\/21156"}],"collection":[{"href":"https:\/\/www.comunicatur.info\/es\/wp-json\/wp\/v2\/posts"}],"about":[{"href":"https:\/\/www.comunicatur.info\/es\/wp-json\/wp\/v2\/types\/post"}],"author":[{"embeddable":true,"href":"https:\/\/www.comunicatur.info\/es\/wp-json\/wp\/v2\/users\/408"}],"replies":[{"embeddable":true,"href":"https:\/\/www.comunicatur.info\/es\/wp-json\/wp\/v2\/comments?post=21156"}],"version-history":[{"count":2,"href":"https:\/\/www.comunicatur.info\/es\/wp-json\/wp\/v2\/posts\/21156\/revisions"}],"predecessor-version":[{"id":21158,"href":"https:\/\/www.comunicatur.info\/es\/wp-json\/wp\/v2\/posts\/21156\/revisions\/21158"}],"wp:featuredmedia":[{"embeddable":true,"href":"https:\/\/www.comunicatur.info\/es\/wp-json\/wp\/v2\/media\/21154"}],"wp:attachment":[{"href":"https:\/\/www.comunicatur.info\/es\/wp-json\/wp\/v2\/media?parent=21156"}],"wp:term":[{"taxonomy":"category","embeddable":true,"href":"https:\/\/www.comunicatur.info\/es\/wp-json\/wp\/v2\/categories?post=21156"},{"taxonomy":"post_tag","embeddable":true,"href":"https:\/\/www.comunicatur.info\/es\/wp-json\/wp\/v2\/tags?post=21156"}],"curies":[{"name":"wp","href":"https:\/\/api.w.org\/{rel}","templated":true}]}}