{"id":2113,"date":"2010-03-04T00:29:51","date_gmt":"2010-03-04T00:29:51","guid":{"rendered":"https:\/\/comunicatur.info\/ferran-adria-promocionara-el-turisme-gastronomic-despanya-al-mon-2\/"},"modified":"2010-03-04T00:29:51","modified_gmt":"2010-03-04T00:29:51","slug":"ferran-adria-promocionara-el-turisme-gastronomic-despanya-al-mon-2","status":"publish","type":"post","link":"https:\/\/www.comunicatur.info\/es\/ferran-adria-promocionara-el-turisme-gastronomic-despanya-al-mon-2\/","title":{"rendered":"Ferr\u00e1n Adri\u00e1 promocionar\u00e1 el turismo gastron\u00f3mico de Espa\u00f1a"},"content":{"rendered":"<p>El Gobierno espa&ntilde;ol promocionar&aacute; el turismo gastron&oacute;mico en el exterior de la mano de Ferr&aacute;n Adri&aacute;, quien se convertir&aacute; en el embajador de la marca Espa&ntilde;a para los pr&oacute;ximos a&ntilde;os, gracias al acuerdo de colaboraci&oacute;n alcanzado entre la Secretar&iacute;a de Estado de Turismo y el chef catal&aacute;n, que regenta el mejor restaurante del mundo.<\/p>\n<p><\/p>\n<p>El secretario de Estado de Turismo, Joan Mesquida, realiz&oacute; este anuncio en Londres durante la presentaci&oacute;n del I Congreso Europeo de Turismo y Gastronom&iacute;a, que se celebrar&aacute; en Madrid el 24 y 25 de mayo. Este congreso, que se enmarca dentro de los actos de la Presidencia espa&ntilde;ola de la UE en 2010, pretende posicionar a Espa&ntilde;a como referente mundial en turismo gastron&oacute;mico.<\/p>\n<p>Adri&aacute; ser&aacute; la imagen de la l&iacute;nea gastron&oacute;mica de la nueva campa&ntilde;a de publicidad internacional de Espa&ntilde;a (&#8216;I need Spain&#8217;). Ferr&aacute;n Adri&aacute; promocionar&aacute; as&iacute; tanto la cocina de vanguardia como la tradicional y las tapas, junto con otros cocineros espa&ntilde;oles de prestigio. Espa&ntilde;a cuenta con cuatro de los ocho mejores restaurantes del mundo, entre los que &#8216;El Bulli&#8217; de Adri&aacute; ocupa el n&uacute;mero uno.<\/p>\n<p>El I Congreso Europeo de Turismo y Gastronom&iacute;a que se celebrar&aacute; en Madrid forma parte del Plan de promoci&oacute;n internacional del turismo eno-gastron&oacute;mico aprobado por el Consejo de Ministros en julio de 2009 y cuenta con un presupuesto de nueve millones de euros. Seg&uacute;n el Ministerio de Industria, 5,5 millones de visitantes se&ntilde;alaron que la gastronom&iacute;a y los vinos espa&ntilde;oles fueron una de las motivaciones de su viaje a Espa&ntilde;a.\/Ag EP<\/p>\n","protected":false},"excerpt":{"rendered":"<p>El Gobierno espa&ntilde;ol promocionar&aacute; el turismo gastron&oacute;mico en el exterior de la mano de Ferr&aacute;n Adri&aacute;, quien se convertir&aacute; en el embajador de la marca Espa&ntilde;a para los pr&oacute;ximos a&ntilde;os, gracias al acuerdo de colaboraci&oacute;n alcanzado entre la Secretar&iacute;a de Estado de Turismo y el chef catal&aacute;n, que regenta el mejor restaurante del mundo.<\/p>\n","protected":false},"author":1,"featured_media":0,"comment_status":"close","ping_status":"open","sticky":false,"template":"","format":"standard","meta":[],"categories":[18],"tags":[],"_links":{"self":[{"href":"https:\/\/www.comunicatur.info\/es\/wp-json\/wp\/v2\/posts\/2113"}],"collection":[{"href":"https:\/\/www.comunicatur.info\/es\/wp-json\/wp\/v2\/posts"}],"about":[{"href":"https:\/\/www.comunicatur.info\/es\/wp-json\/wp\/v2\/types\/post"}],"author":[{"embeddable":true,"href":"https:\/\/www.comunicatur.info\/es\/wp-json\/wp\/v2\/users\/1"}],"replies":[{"embeddable":true,"href":"https:\/\/www.comunicatur.info\/es\/wp-json\/wp\/v2\/comments?post=2113"}],"version-history":[{"count":0,"href":"https:\/\/www.comunicatur.info\/es\/wp-json\/wp\/v2\/posts\/2113\/revisions"}],"wp:attachment":[{"href":"https:\/\/www.comunicatur.info\/es\/wp-json\/wp\/v2\/media?parent=2113"}],"wp:term":[{"taxonomy":"category","embeddable":true,"href":"https:\/\/www.comunicatur.info\/es\/wp-json\/wp\/v2\/categories?post=2113"},{"taxonomy":"post_tag","embeddable":true,"href":"https:\/\/www.comunicatur.info\/es\/wp-json\/wp\/v2\/tags?post=2113"}],"curies":[{"name":"wp","href":"https:\/\/api.w.org\/{rel}","templated":true}]}}