{"id":21098,"date":"2022-10-06T00:00:16","date_gmt":"2022-10-05T22:00:16","guid":{"rendered":"https:\/\/www.comunicatur.info\/?p=21098"},"modified":"2022-11-05T17:59:49","modified_gmt":"2022-11-05T15:59:49","slug":"mas-del-50-de-las-pernoctaciones-de-la-costa-brava-y-el-pirineo-de-girona-durante-el-verano-se-han-registrado-en-campings","status":"publish","type":"post","link":"https:\/\/www.comunicatur.info\/es\/mas-del-50-de-las-pernoctaciones-de-la-costa-brava-y-el-pirineo-de-girona-durante-el-verano-se-han-registrado-en-campings\/","title":{"rendered":"M\u00e1s del 50% de las pernoctaciones de la Costa Brava y el Pirineo de Girona durante el verano se han registrado en campings"},"content":{"rendered":"<p>Se ha celebrado en el Teatro Municipal el Jard\u00ed de Figueres <strong>la 4\u00aa edici\u00f3n del <\/strong><a href=\"https:\/\/campingsingirona.com\/es\/girocamping-pro\/\" target=\"_blank\" rel=\"noopener\"><strong>Girocamping PRO<\/strong><\/a>, el congreso de referencia del turismo en las comarcas de Girona y del camping en Catalu\u00f1a.<br \/>\n<strong>Organizado por la <\/strong><a href=\"https:\/\/campingsingirona.com\/es\/\" target=\"_blank\" rel=\"noopener\"><strong>Asociaci\u00f3n de Campings de Girona<\/strong><\/a>, se ha centrado en potenciar la sostenibilidad para hacer frente a la crisis energ\u00e9tica. El presidente de la Asociaci\u00f3n, <strong>Miquel Gotanegra<\/strong>, remarc\u00f3 que a pesar de que la temporada ha sido muy buena en cuanto a ocupaci\u00f3n, la inflaci\u00f3n no se ha aplicado a los clientes, por lo que los resultados de las cuentas de las empresas no ser\u00e1n equivalentes a las de los a\u00f1os 2018 y 2019. Y dijo que <strong>\u201c<\/strong><strong>p<\/strong><strong>ara intentar reducir costes es necesario adoptar medidas, como bajar consumos energ\u00e9ticos y consumo de agua, tener cada vez m\u00e1s placas solares y t\u00e9rmicas y potenciar la estrategia digital.<\/strong> Los campings llevan muchos a\u00f1os invirtiendo para ser m\u00e1s sostenibles y \u00e9sta es la v\u00eda que hay que potenciar a\u00fan m\u00e1s en el contexto econ\u00f3mico actual\u201d.<\/p>\n<p>La inauguraci\u00f3n del congreso fue a cargo de <strong>la alcaldesa de Figueres, Agn\u00e8s Llad\u00f3<\/strong>, que reivindic\u00f3 el compromiso de la ciudad con el sector tur\u00edstico y del <strong>presidente de la Diputaci\u00f3n de Girona y del <\/strong><a href=\"https:\/\/es.costabrava.org\/\" target=\"_blank\" rel=\"noopener\"><strong>Patronato de Turismo Costa Brava Girona<\/strong><\/a><strong>, Miquel Noguer<\/strong>, que dijo que \u201cde los 15 millones de pernoctaciones registradas en los establecimientos de alojamiento tur\u00edstico reglado de la Costa Brava y el Pirineo de Girona entre junio y agosto de 2022, m\u00e1s de 7 millones han sido estancias registradas en los establecimientos de camping, dato que pone de manifiesto la importancia que tiene este sector dentro de la industria tur\u00edstica de la demarcaci\u00f3n\u201d. Tambi\u00e9n reconoci\u00f3 el trabajo de los campings de Girona, recordando que <strong>\u201ces meritorio el dinamismo y la competitividad que muestra el sector de los campings, ya que a\u00f1o tras a\u00f1o sigue invirtiendo en equipamientos e infraestructuras, innovando en proyectos a favor de la sostenibilidad y apostando por la calidad de forma transversal y teniendo siempre presente su activo m\u00e1s importante, los trabajadores, y en consecuencia impulsando ahora el proyecto pionero Campmaster\u201d<\/strong>.<\/p>\n<p>Noguer se refer\u00eda as\u00ed al <strong>primer m\u00e1ster europeo en gesti\u00f3n sostenible de campings y resorts, conocido como proyecto Campmaster<\/strong>, que se present\u00f3 en el transcurso del congreso. En el proyecto participan la Universidad de Girona y la Universidad de Ciencias Aplicadas de Breda (Pa\u00edses Bajos), figurando como partners The Leading Camping &amp; Caravaning Parks of Europe y la Uni\u00f3n Nacional de Campings de Croacia.<\/p>\n<p><img class=\"alignright size-medium wp-image-21094\" src=\"https:\/\/www.comunicatur.info\/wp-content\/uploads\/2022\/10\/Girocamping-Pro-2022-Forum-Internacional_-Arnau_Rovira-3-300x200.jpg\" alt=\"\" width=\"300\" height=\"200\" srcset=\"https:\/\/www.comunicatur.info\/wp-content\/uploads\/2022\/10\/Girocamping-Pro-2022-Forum-Internacional_-Arnau_Rovira-3-300x200.jpg 300w, https:\/\/www.comunicatur.info\/wp-content\/uploads\/2022\/10\/Girocamping-Pro-2022-Forum-Internacional_-Arnau_Rovira-3-768x512.jpg 768w, https:\/\/www.comunicatur.info\/wp-content\/uploads\/2022\/10\/Girocamping-Pro-2022-Forum-Internacional_-Arnau_Rovira-3-600x400.jpg 600w, https:\/\/www.comunicatur.info\/wp-content\/uploads\/2022\/10\/Girocamping-Pro-2022-Forum-Internacional_-Arnau_Rovira-3.jpg 1000w\" sizes=\"(max-width: 300px) 100vw, 300px\" \/>En el evento tambi\u00e9n participaron <strong>Mar Sans<\/strong>, responsable de Evaluaci\u00f3n y Verificaci\u00f3n Ambiental de la Direcci\u00f3n General de Calidad Ambiental y Cambio Clim\u00e1tico, que habl\u00f3 de la importancia de la <a href=\"https:\/\/www.miteco.gob.es\/es\/calidad-y-evaluacion-ambiental\/temas\/etiqueta-ecologica-de-la-union-europea\/\" target=\"_blank\" rel=\"noopener\"><strong>etiqueta Ecolabel<\/strong><\/a> de la Uni\u00f3n Europea;<strong> Carme Rubi\u00f3<\/strong>, subdirectora General de Desarrollo Tur\u00edstico Territorial, que present\u00f3 el programa de ayudas de eficiencia energ\u00e9tica de la Generalitat; <strong>Lucia Gusmaroli<\/strong>, project manager del Catalan Water Partnership, que present\u00f3 una ponencia sobre la gesti\u00f3n sostenible del agua en el sector y la <strong>Dra. Nat\u00e0lia Ferrer<\/strong>, profesora de la Universidad de Girona, que habl\u00f3 de la importancia de hacer visible entre los clientes las iniciativas para mejorar la sostenibilidad. Y es que <strong>los campings de Girona han invertido esta temporada m\u00e1s de 30 millones de euros para reforzar su apuesta por la sostenibilidad <\/strong>con proyectos de mejora de la eficiencia energ\u00e9tica de las instalaciones.<br \/>\nCasi todos los campings disponen de placas solares fotovoltaicas y t\u00e9rmicas para suministrar energ\u00eda a las instalaciones. Tambi\u00e9n han invertido en energ\u00eda geot\u00e9rmica y en equipar a los establecimientos con cargadores de veh\u00edculos el\u00e9ctricos.<\/p>\n<p>Despert\u00f3 mucho inter\u00e9s el <strong>F\u00f3rum de los representantes de las principales organizaciones europeas del sector:<\/strong> Uwe Frers, director general de ADAC (Allgemeiner Deutscher Automobil-Club); Erik Spliet, responsable de la ANWB (Royal Dutch Touring Club); Frank Jakobs, directivo de ACSI (Auto Camper Service International) que, junto a <strong>Marta Dom\u00e8nech, directora general de Turismo de la Generalitat<\/strong> han reflexionado sobre los retos de presente y de futuro de los campings. El debate ha sido moderado por el Dr. Jaume Mar\u00edn, profesor y consultor tur\u00edstico.<\/p>\n<p>En el congreso han participado m\u00e1s de 300 profesionales del sector y una veintena de empresas. La jornada concluy\u00f3 por la noche, con la <strong>Nit dels C\u00e0mpings Gironins<\/strong>, un evento que tuvo lugar en el Castillo de Peralada. Durante la cena se ha otorgado el <strong>premio Jaume Genover de la Asociaci\u00f3n de Campings<\/strong>, un galard\u00f3n que reconoce a personalidades destacadas por su trayectoria en el sector del camping. Este a\u00f1o ha reca\u00eddo en <strong>Josep Maria Cabeza, propietario del camping Treumal de Calonge<\/strong>, que muy recientemente ha fallecido.<br \/>\nAl mismo tiempo y por vez primera se ha entregado tambi\u00e9n <strong>el nuevo premio Girocamping<\/strong>, que se ha otorgado a la periodista <strong>Imma Bosch<\/strong>, por su constante apoyo al sector en sus art\u00edculos. El acto cont\u00f3 con la presencia de Laia Ca\u00f1igueral, delegada del Gobierno de la Generalitat en Girona y Jaume Dulsat, vicepresidente del Patronato de Turismo Costa Brava Girona.<\/p>\n","protected":false},"excerpt":{"rendered":"<p>Se ha celebrado en el Teatro Municipal el Jard\u00ed de Figueres la 4\u00aa edici\u00f3n del Girocamping PRO, el congreso de referencia del turismo en las comarcas de Girona y del camping en Catalu\u00f1a. Organizado por la Asociaci\u00f3n de Campings de Girona, se ha centrado en potenciar la sostenibilidad para hacer frente a la crisis energ\u00e9tica. &hellip;<\/p>\n","protected":false},"author":408,"featured_media":21096,"comment_status":"closed","ping_status":"open","sticky":false,"template":"","format":"standard","meta":[],"categories":[62,74],"tags":[],"_links":{"self":[{"href":"https:\/\/www.comunicatur.info\/es\/wp-json\/wp\/v2\/posts\/21098"}],"collection":[{"href":"https:\/\/www.comunicatur.info\/es\/wp-json\/wp\/v2\/posts"}],"about":[{"href":"https:\/\/www.comunicatur.info\/es\/wp-json\/wp\/v2\/types\/post"}],"author":[{"embeddable":true,"href":"https:\/\/www.comunicatur.info\/es\/wp-json\/wp\/v2\/users\/408"}],"replies":[{"embeddable":true,"href":"https:\/\/www.comunicatur.info\/es\/wp-json\/wp\/v2\/comments?post=21098"}],"version-history":[{"count":1,"href":"https:\/\/www.comunicatur.info\/es\/wp-json\/wp\/v2\/posts\/21098\/revisions"}],"predecessor-version":[{"id":21099,"href":"https:\/\/www.comunicatur.info\/es\/wp-json\/wp\/v2\/posts\/21098\/revisions\/21099"}],"wp:featuredmedia":[{"embeddable":true,"href":"https:\/\/www.comunicatur.info\/es\/wp-json\/wp\/v2\/media\/21096"}],"wp:attachment":[{"href":"https:\/\/www.comunicatur.info\/es\/wp-json\/wp\/v2\/media?parent=21098"}],"wp:term":[{"taxonomy":"category","embeddable":true,"href":"https:\/\/www.comunicatur.info\/es\/wp-json\/wp\/v2\/categories?post=21098"},{"taxonomy":"post_tag","embeddable":true,"href":"https:\/\/www.comunicatur.info\/es\/wp-json\/wp\/v2\/tags?post=21098"}],"curies":[{"name":"wp","href":"https:\/\/api.w.org\/{rel}","templated":true}]}}