{"id":21082,"date":"2022-10-04T00:00:03","date_gmt":"2022-10-03T22:00:03","guid":{"rendered":"https:\/\/www.comunicatur.info\/?p=21082"},"modified":"2022-11-05T17:58:32","modified_gmt":"2022-11-05T15:58:32","slug":"la-recuperacion-del-turismo-en-las-comarcas-de-barcelona-es-un-hecho","status":"publish","type":"post","link":"https:\/\/www.comunicatur.info\/es\/la-recuperacion-del-turismo-en-las-comarcas-de-barcelona-es-un-hecho\/","title":{"rendered":"La recuperaci\u00f3n del turismo en las comarcas de Barcelona es un hecho"},"content":{"rendered":"<p>Los meses de julio y agosto, tradicionalmente los mejores para el turismo, un total de 1,6 millones de viajeros han llegado al Entorno de Barcelona. La cifra representa un aumento del 27% respecto al verano del 2021 y un 15,2% respecto al 2019, por lo que <strong>significa una recuperaci\u00f3n total del turismo al superar los niveles prepandemia. <\/strong>Es destacable el crecimiento en el n\u00famero de pernoctaciones de este verano, puesto que han crecido un 36,6%.<\/p>\n<p>Estos datos los certifica el estudio <strong>\u201cIndicadores Tur\u00edsticos en el Entorno de Barcelona\u201d<\/strong> elaborados por el <strong>Laboratorio de Turismo de la Diputaci\u00f3n de Barcelona<\/strong> a partir de la Encuesta de Ocupaci\u00f3n Tourism Data System. Recordamos que los datos recogidos hacen referencia al destino Barcelona sin el Barcelon\u00e8s y por lo tanto no incluyen los datos de la ciudad de Barcelona.<\/p>\n<p>Los principales indicadores son:<br \/>\n\u2022 1,6 millones de viajeros durante julio y agosto. (+27% respecto a los datos del 2021).<\/p>\n<ul>\n<li><img class=\"alignright wp-image-21075 size-full\" src=\"https:\/\/www.comunicatur.info\/wp-content\/uploads\/2022\/10\/DADES-MOTO-GP-AMB-BORDE.png\" alt=\"\" width=\"571\" height=\"368\" srcset=\"https:\/\/www.comunicatur.info\/wp-content\/uploads\/2022\/10\/DADES-MOTO-GP-AMB-BORDE.png 571w, https:\/\/www.comunicatur.info\/wp-content\/uploads\/2022\/10\/DADES-MOTO-GP-AMB-BORDE-300x193.png 300w\" sizes=\"(max-width: 571px) 100vw, 571px\" \/>Pernoctaciones: +36,6%.<br \/>\n&#8211; Hoteles: +57,75%.<br \/>\n&#8211; Campings: +39%.<\/li>\n<li>Estancia media: 3,6 noches (+7,4%). No obstante, esta cifra no llega todav\u00eda a la estancia media del 2019, que se situaba en las 4 noches.<\/li>\n<li>Turismo internacional: +114,7% de crecimiento respecto al 2021.<\/li>\n<li>Por pa\u00eds de procedencia: 1. Francia. 2. Alemania. 3. Reino Unido.<\/li>\n<li>Turismo nacional: representa el 56% del total. Pero ha sufrido un ligero descenso<br \/>\n(-3,7%). En este caso destaca el hecho de que el 75% son catalanes.<\/li>\n<li>Gasto medio: 893 euros. (+36%). Incluye transporte, alojamiento y estancia.<\/li>\n<li>Por comarcas: las once comarcas del Entorno de Barcelona han incrementado el n\u00famero de llegadas. El Maresme es la que lidera las llegadas (+43%) y las pernoctaciones (+51%), como es l\u00f3gico, porque tambi\u00e9n es la que tiene m\u00e1s plazas de alojamiento. Detr\u00e1s del Maresme destacan los incrementos del Vall\u00e8s Oriental y del Vall\u00e8s Occidental (m\u00e1s de un 60% en cada comarca).<\/li>\n<\/ul>\n<p><strong>Pod\u00e9is ver<\/strong> <strong>el estudio m\u00e1s detallado del mes de julio<\/strong> <a href=\"http:\/\/media.diba.cat\/diba\/labturisme\/2022-07\/index.html\" target=\"_blank\" rel=\"noopener\"><strong>AQU\u00cd<\/strong><\/a>. Encontrar\u00e9is tambi\u00e9n los datos acumulados desde enero de este a\u00f1o, las variaciones interanuales por tipolog\u00eda y mercado y el posicionamiento competitivo, que sit\u00faa a las comarcas de Barcelona por detr\u00e1s de Girona y Tarragona. Pero este ranking, sin el Barcelon\u00e8s, es un poco enga\u00f1oso.<br \/>\nEn el momento de publicar esta noticia no estaban disponibles todos los datos del mes de agosto, aunque s\u00ed los suficientes para determinar el estudio referido.<\/p>\n<p>Tambi\u00e9n pod\u00e9is ver los informes del LabTurisme de la Diputaci\u00f3n de Barcelona sobre la <strong>ocupaci\u00f3n tur\u00edstica Moto GP 2022, GP de F\u00f3rmula1 2022 y Semana Santa 2022<\/strong> <a href=\"https:\/\/www.diba.cat\/dturisme\/activitat-tur%C3%ADstica-per%C3%ADode-conjuntural\" target=\"_blank\" rel=\"noopener\"><strong>AQU\u00cd<\/strong><\/a>.<\/p>\n","protected":false},"excerpt":{"rendered":"<p>Los meses de julio y agosto, tradicionalmente los mejores para el turismo, un total de 1,6 millones de viajeros han llegado al Entorno de Barcelona. La cifra representa un aumento del 27% respecto al verano del 2021 y un 15,2% respecto al 2019, por lo que significa una recuperaci\u00f3n total del turismo al superar los &hellip;<\/p>\n","protected":false},"author":408,"featured_media":21077,"comment_status":"closed","ping_status":"open","sticky":false,"template":"","format":"standard","meta":[],"categories":[62,74],"tags":[],"_links":{"self":[{"href":"https:\/\/www.comunicatur.info\/es\/wp-json\/wp\/v2\/posts\/21082"}],"collection":[{"href":"https:\/\/www.comunicatur.info\/es\/wp-json\/wp\/v2\/posts"}],"about":[{"href":"https:\/\/www.comunicatur.info\/es\/wp-json\/wp\/v2\/types\/post"}],"author":[{"embeddable":true,"href":"https:\/\/www.comunicatur.info\/es\/wp-json\/wp\/v2\/users\/408"}],"replies":[{"embeddable":true,"href":"https:\/\/www.comunicatur.info\/es\/wp-json\/wp\/v2\/comments?post=21082"}],"version-history":[{"count":3,"href":"https:\/\/www.comunicatur.info\/es\/wp-json\/wp\/v2\/posts\/21082\/revisions"}],"predecessor-version":[{"id":21091,"href":"https:\/\/www.comunicatur.info\/es\/wp-json\/wp\/v2\/posts\/21082\/revisions\/21091"}],"wp:featuredmedia":[{"embeddable":true,"href":"https:\/\/www.comunicatur.info\/es\/wp-json\/wp\/v2\/media\/21077"}],"wp:attachment":[{"href":"https:\/\/www.comunicatur.info\/es\/wp-json\/wp\/v2\/media?parent=21082"}],"wp:term":[{"taxonomy":"category","embeddable":true,"href":"https:\/\/www.comunicatur.info\/es\/wp-json\/wp\/v2\/categories?post=21082"},{"taxonomy":"post_tag","embeddable":true,"href":"https:\/\/www.comunicatur.info\/es\/wp-json\/wp\/v2\/tags?post=21082"}],"curies":[{"name":"wp","href":"https:\/\/api.w.org\/{rel}","templated":true}]}}