{"id":21011,"date":"2022-09-27T00:00:16","date_gmt":"2022-09-26T22:00:16","guid":{"rendered":"https:\/\/www.comunicatur.info\/?p=21011"},"modified":"2022-09-25T17:22:16","modified_gmt":"2022-09-25T15:22:16","slug":"la-sostenibilidad-da-un-paso-mas-para-centrarse-en-el-turismo-regenerativo","status":"publish","type":"post","link":"https:\/\/www.comunicatur.info\/es\/la-sostenibilidad-da-un-paso-mas-para-centrarse-en-el-turismo-regenerativo\/","title":{"rendered":"La sostenibilidad da un paso m\u00e1s para centrarse en el Turismo regenerativo"},"content":{"rendered":"<p>La necesaria transformaci\u00f3n del modelo tur\u00edstico debido a la crisis clim\u00e1tica para <strong>impulsar lo que se conoce como Turismo regenerativo que promueva un mejor territorio para vivir y visitar,<\/strong> ha sido objeto de una jornada en la que han participado 400 profesionales. El evento, celebrado en el auditorio de La Pedrera en Barcelona, \u200b\u200bse ha desarrollado en formato h\u00edbrido, presencial y en <em>streaming<\/em>.<\/p>\n<p>La definici\u00f3n m\u00e1s sencilla de lo que es el Turismo regenerativo podr\u00eda ser <strong><em>\u00abaquel que deja el lugar visitado mejor de c\u00f3mo nos lo hemos encontrado\u00bb<\/em><\/strong>. Si profundizamos un poco m\u00e1s deber\u00edamos hablar <strong><em>\u00abde un turismo vivo, inspirado en la vida misma y que juega arm\u00f3nicamente en todos los procesos, sistemas y manifestaciones de vida que van surgiendo.\u00bb<\/em><\/strong> Seguramente nadie haya reflexionado m\u00e1s en el sentido del turismo regenerativo que <a href=\"https:\/\/www.linkedin.com\/in\/annapollock\/?originalSubdomain=uk\" target=\"_blank\" rel=\"noopener\"><strong>Anna Pollock<\/strong><\/a>.<\/p>\n<p><img class=\"alignright size-medium wp-image-20998\" src=\"https:\/\/www.comunicatur.info\/wp-content\/uploads\/2022\/09\/TurismeRegeneratiu_jornada-300x169.jpg\" alt=\"\" width=\"300\" height=\"169\" srcset=\"https:\/\/www.comunicatur.info\/wp-content\/uploads\/2022\/09\/TurismeRegeneratiu_jornada-300x169.jpg 300w, https:\/\/www.comunicatur.info\/wp-content\/uploads\/2022\/09\/TurismeRegeneratiu_jornada-600x338.jpg 600w, https:\/\/www.comunicatur.info\/wp-content\/uploads\/2022\/09\/TurismeRegeneratiu_jornada-390x220.jpg 390w, https:\/\/www.comunicatur.info\/wp-content\/uploads\/2022\/09\/TurismeRegeneratiu_jornada.jpg 648w\" sizes=\"(max-width: 300px) 100vw, 300px\" \/>Esta consultora independiente, estratega y fundadora de <a href=\"http:\/\/www.conscious.travel\/\" target=\"_blank\" rel=\"noopener\"><strong>Conscious Travel<\/strong><\/a> (Viaje Consciente), con 45 a\u00f1os de trabajo a sus espaldas, estuvo por primera vez en Barcelona para ofrecer una conferencia muy inspiracional sobre los valores del Turismo regenerativo. Para Pollock son necesarios los pioneros que se arriesgan y experimentan. Pero esto asusta a la gente que sufre y que se resistir\u00e1 a ese llamamiento al cambio. Debemos entender que ellos tambi\u00e9n tienen su papel. Por eso es necesario siempre ser emp\u00e1ticos, crear puentes y sentarse a la mesa conjuntamente para hacer los cambios a nivel local, regional y global.<\/p>\n<p>No se pierdan la entrevista que Comunicatur hizo a Anna Pollock y que publicaremos ma\u00f1ana.<\/p>\n<p>Sin duda, \u00e9ste fue el plato fuerte de la jornada, que cont\u00f3 con la presencia de toda una serie de expertos. Entre ellos destacaron los representantes tur\u00edsticos de algunos destinos, como <strong>Visit Valencia<\/strong> (Jaume Mata), <strong>Visit Flanders<\/strong> (Vincent Nijs), <strong>Visit Scotland<\/strong> (Cat Leaver) y la provincia <strong>V\u00e4stra G\u00f6taland<\/strong>, en el oeste de Suecia (Olle Jon\u00e4nng).<\/p>\n<figure id=\"attachment_21002\" aria-describedby=\"caption-attachment-21002\" style=\"width: 300px\" class=\"wp-caption alignright\"><img class=\"size-medium wp-image-21002\" src=\"https:\/\/www.comunicatur.info\/wp-content\/uploads\/2022\/09\/Smarason_TurismeRegeneratiu_jornada-300x197.jpg\" alt=\"\" width=\"300\" height=\"197\" srcset=\"https:\/\/www.comunicatur.info\/wp-content\/uploads\/2022\/09\/Smarason_TurismeRegeneratiu_jornada-300x197.jpg 300w, https:\/\/www.comunicatur.info\/wp-content\/uploads\/2022\/09\/Smarason_TurismeRegeneratiu_jornada-1024x672.jpg 1024w, https:\/\/www.comunicatur.info\/wp-content\/uploads\/2022\/09\/Smarason_TurismeRegeneratiu_jornada-768x504.jpg 768w, https:\/\/www.comunicatur.info\/wp-content\/uploads\/2022\/09\/Smarason_TurismeRegeneratiu_jornada-600x394.jpg 600w, https:\/\/www.comunicatur.info\/wp-content\/uploads\/2022\/09\/Smarason_TurismeRegeneratiu_jornada.jpg 1045w\" sizes=\"(max-width: 300px) 100vw, 300px\" \/><figcaption id=\"caption-attachment-21002\" class=\"wp-caption-text\">Hj\u00f6rtur Sm\u00e1rason<\/figcaption><\/figure>\n<p>Pero lo que despert\u00f3 quiz\u00e1s m\u00e1s inter\u00e9s y reflexi\u00f3n fue <strong>Hj\u00f6rtur Sm\u00e1rason<\/strong>, <strong>representante de Groenlandia<\/strong>, que puso de manifiesto la necesidad de pensar adecuadamente y de forma hol\u00edstica lo que representa el turismo sostenible. En su inmenso territorio habitado s\u00f3lo por 20.000 personas hay cosas imprescindibles y quiz\u00e1s no entendidas por el resto, como la necesidad de construir dos aeropuertos internacionales para mejorar la conectividad del pa\u00eds y garantizar la supervivencia de sus poblaciones. Pidi\u00f3 reflexionar sobre lo que representa tener verdura y fruta fresca en el territorio \u00e1rtico, pregunt\u00e1ndose si el turista que llega ah\u00ed estar\u00e1 dispuesto a comer, por ejemplo, la carne local. Tambi\u00e9n remarc\u00f3 que son plenamente conscientes de la necesidad de un cambio, porque ellos <strong>ven como nadie la crisis clim\u00e1tica que hace cambiar ya los h\u00e1bitos de vida de las personas y la rica fauna de Groenlandia.<\/strong><\/p>\n<p>En el \u00e1mbito europeo participaron Marie-H\u00e9l\u00e8ne Pradines (Comisi\u00f3n Europea), Tim Fairhurst (Asociaci\u00f3n Europea de Turismo), Eduardo Santander (Comisi\u00f3n Europea de Viajes), Mario Aymerich (Europa Nostra) y Ramune Genzbigelyte (Responsable de pol\u00edticas de la unidad de Turismo de la Comisi\u00f3n Europea).<\/p>\n<p>Por su parte, Gisela Torrents, ambient\u00f3loga y consultora de cambio clim\u00e1tico del <a href=\"https:\/\/observatoridesc.org\/ca\" target=\"_blank\" rel=\"noopener\"><strong>Observatori DESC<\/strong><\/a> habl\u00f3 de la necesidad de ampliar el c\u00edrculo hacia pa\u00edses que son los grandes sufridores del clima y que carecen de voz en este tipo de jornadas. Tambi\u00e9n aport\u00f3 datos inquietantes sobre el efecto invernadero y la emisi\u00f3n de gases contaminantes y denunci\u00f3 los privilegios de la aviaci\u00f3n en la pol\u00edtica internacional y el mercado de cr\u00e9ditos de carbono.<\/p>\n<p>Tambi\u00e9n intervinieron varios profesionales, siempre dentro del \u00e1mbito de la sostenibilidad, como Elena Ridolfi, coordinadora del <strong>M\u00e1ster de Turismo Responsable y Sostenibilidad en el CETT<\/strong>; Irene Tarradellas, directora del <a href=\"https:\/\/barcelona.impacthub.net\/\" target=\"_blank\" rel=\"noopener\"><strong>Impact Hub Barcelona<\/strong><\/a>; Alicia Fajardo, especialista en turismo sostenible en <a href=\"https:\/\/www.thetravelfoundation.org.uk\/\" target=\"_blank\" rel=\"noopener\"><strong>The Travel Foundation<\/strong><\/a>; Angela Bustillo, cofundadora y CMO de <a href=\"https:\/\/www.explorins.com\/home\" target=\"_blank\" rel=\"noopener\"><strong>eXplorins<\/strong><\/a>o Jeremie Fosse, director de <a href=\"https:\/\/www.global-ecoforum.org\/\" target=\"_blank\" rel=\"noopener\"><strong>Global Eco Forum<\/strong><\/a>.<\/p>\n<p>Como caso inspiracional particip\u00f3 Miguel A. Torres, presidente de la <a href=\"https:\/\/www.torres.es\/ca\" target=\"_blank\" rel=\"noopener\"><strong>bodega Fam\u00edlia Torres<\/strong><\/a>, que explic\u00f3 el compromiso familiar con el cambio clim\u00e1tico, <strong><em>\u201cya \u200b\u200bque para nosotros la sostenibilidad es una necesidad, se encuentra en nuestro ADN\u201d<\/em><\/strong> y explic\u00f3 varias acciones llevadas a cabo en las distintas fincas de la bodega.<\/p>\n<p><img class=\"alignright size-medium wp-image-21009\" src=\"https:\/\/www.comunicatur.info\/wp-content\/uploads\/2022\/09\/TurismeRegeneratiu_jornada2-300x186.jpg\" alt=\"\" width=\"300\" height=\"186\" srcset=\"https:\/\/www.comunicatur.info\/wp-content\/uploads\/2022\/09\/TurismeRegeneratiu_jornada2-300x186.jpg 300w, https:\/\/www.comunicatur.info\/wp-content\/uploads\/2022\/09\/TurismeRegeneratiu_jornada2-600x373.jpg 600w, https:\/\/www.comunicatur.info\/wp-content\/uploads\/2022\/09\/TurismeRegeneratiu_jornada2.jpg 694w\" sizes=\"(max-width: 300px) 100vw, 300px\" \/>A nivel m\u00e1s local, los casos de \u00e9xito fueron los que llevaron a Maria Jos\u00e9 Pujol, fundadora y directora general del <a href=\"https:\/\/www.inouthostel.com\/\" target=\"_blank\" rel=\"noopener\"><strong>INOUT Hostel<\/strong><\/a>, un proyecto social en el Parque Natural de Collserola con 258 camas y Mireia Font, propietaria de la casa rural <a href=\"https:\/\/www.casaleonardo.net\/\" target=\"_blank\" rel=\"noopener\"><strong>Casa Leonardo<\/strong><\/a> en el Pallars Juss\u00e0, que explic\u00f3 el proyecto por la movilidad econ\u00f3mica \u201cEl quinto lago\u201d y <a href=\"https:\/\/gratitudpallars.cat\/ca\" target=\"_blank\" rel=\"noopener\"><strong>Gratitud Pallars<\/strong><\/a>, que quiere ayudar a devolver a la naturaleza, al paisaje y al territorio la felicidad que nos procuran.<\/p>\n<p>Por parte de la Agencia Catalana de Turismo, M\u00f2nica Santa Eul\u00e0lia, responsable de la Unidad de Modelo Tur\u00edstico e investigaci\u00f3n de la ACT, que dijo que se est\u00e1 ultimando el tercer plan de marketing, que deber\u00e1 estar listo en 2023, con una estrategia de crecimiento sabio e inteligente. Record\u00f3 que tambi\u00e9n existe un ambicioso plan de sostenibilidad, con 15 l\u00edneas de trabajo y cinco fases. Albert Castellanos, secretario de Empresa y Competitividad del Departamento de Empresa y Trabajo, que record\u00f3 el compromiso del Govern con el turismo responsable. Afirm\u00f3 que <strong><em>\u00abNo tiene ning\u00fan sentido dise\u00f1ar el pa\u00eds que queremos para el futuro sin contemplar toda la econom\u00eda del visitante en general y el turismo en particular como un vector clave para el bienestar de las personas\u00bb.<\/em><\/strong><\/p>\n<figure id=\"attachment_21005\" aria-describedby=\"caption-attachment-21005\" style=\"width: 300px\" class=\"wp-caption alignright\"><img class=\"size-medium wp-image-21005\" src=\"https:\/\/www.comunicatur.info\/wp-content\/uploads\/2022\/09\/Marta_Domenech-300x200.jpg\" alt=\"\" width=\"300\" height=\"200\" srcset=\"https:\/\/www.comunicatur.info\/wp-content\/uploads\/2022\/09\/Marta_Domenech-300x200.jpg 300w, https:\/\/www.comunicatur.info\/wp-content\/uploads\/2022\/09\/Marta_Domenech-1024x683.jpg 1024w, https:\/\/www.comunicatur.info\/wp-content\/uploads\/2022\/09\/Marta_Domenech-768x512.jpg 768w, https:\/\/www.comunicatur.info\/wp-content\/uploads\/2022\/09\/Marta_Domenech-600x400.jpg 600w, https:\/\/www.comunicatur.info\/wp-content\/uploads\/2022\/09\/Marta_Domenech.jpg 1282w\" sizes=\"(max-width: 300px) 100vw, 300px\" \/><figcaption id=\"caption-attachment-21005\" class=\"wp-caption-text\">Marta Dom\u00e8nech, directora general de Turisme de Catalunya<\/figcaption><\/figure>\n<p>La directora general de Turismo, Marta Dom\u00e8nech, en su intervenci\u00f3n para explicar el Turismo Regenerativo en Catalu\u00f1a dijo que <strong><em>\u201cel destino Catalu\u00f1a se encuentra en un momento de transformaci\u00f3n para fomentar un turismo m\u00e1s \u00e9tico e innovador. Debemos poner a las personas en el centro y hacer compatible la actividad tur\u00edstica con la vida en nuestros municipios. Queremos un mejor territorio para vivir, porque as\u00ed tambi\u00e9n hacemos un mejor territorio para ser visitado\u201d<\/em><\/strong>. Defendi\u00f3 la actividad tur\u00edstica afirmando: <strong><em>\u201cEl turismo catal\u00e1n aspira a ser la soluci\u00f3n y no el problema. Debe ser visto como una palanca, un aliado no s\u00f3lo para generar riqueza sino tambi\u00e9n para proporcionar a los ciudadanos y ciudadanas progreso, bienestar y calidad de vida.\u201d<\/em><\/strong><\/p>\n<p>Durante toda la jornada estuvo presente, en las diferentes intervenciones, la filosof\u00eda de la <a href=\"https:\/\/es.glasgowdeclaration.org\/the-glasgow-declaration\" target=\"_blank\" rel=\"noopener\"><strong>Declaraci\u00f3n de Glasgow<\/strong><\/a> sobre la acci\u00f3n clim\u00e1tica lanzada en la COP26 y la<a href=\"https:\/\/mcusercontent.com\/dec6071747257d07792f828d7\/files\/35fffeab-d51b-4527-9abe-df2a2cdad454\/BCN_DECLARATION_TOURISM_AND_CULTURAL_HERITAGE_FINAL.01.pdf\" target=\"_blank\" rel=\"noopener\"><strong>Declaraci\u00f3n de Barcelona<\/strong><\/a> sobre turismo y patrimonio cultural, conocida por la frase \u201cmejores lugares para vivir, mejores lugares para visitar.\u201d<\/p>\n<p>Algunas de las ideas de la jornada fueron:<\/p>\n<ul>\n<li><strong>\u201cViaje al ma\u00f1ana\u201d<\/strong> y \u201cFlora te labora\u201d del turismo de Flandes.<\/li>\n<li>Debemos valorar tambi\u00e9n <strong>la huella h\u00eddrica<\/strong> del turismo. (Valencia).<\/li>\n<li>Es posible <strong>hacer productos sostenibles con personas discapacitadas<\/strong>. (INOUT Hostel).<\/li>\n<li>Antes de reconocer un producto <strong>es necesario reconocer el proceso de un producto<\/strong>, porque el proceso debe ser s\u00f3lido y mantenerse en el tiempo. (Asociaci\u00f3n Europea de Turismo).<\/li>\n<li><strong>Los gases que se emiten quedan mucho tiempo en la atm\u00f3sfera<\/strong>. (Observatorio DESC).<\/li>\n<li>Si ahora <strong>construimos un hotel<\/strong> debemos pensar en que sea el <strong>m\u00e1s sostenible del mundo<\/strong> o al menos, de la cadena a la que pertenece. (Groenlandia).<\/li>\n<li>Debemos <strong>reducir la brecha entre intenci\u00f3n y acci\u00f3n<\/strong>. (Impact Hub Barcelona).<\/li>\n<li>Necesitamos <strong>entre 20 y 30 a\u00f1os para descarbonizar las aerol\u00edneas<\/strong>. (Global Eco Forum).<\/li>\n<li>La marca Europa como destino es poco atractiva. Habr\u00eda que segmentarla por pasiones y hablar de la Europa de las experiencias. (European Travel Commission).<\/li>\n<li>Seg\u00fan el Eurobar\u00f3metro, <strong>el 85% de los europeos est\u00e1n dispuestos a cambiar sus h\u00e1bitos de viaje<\/strong> y a pagar m\u00e1s por ayudar a la cultura local. (European Travel Commission).<\/li>\n<li><strong>Es imprescindible realizar un marketing honesto<\/strong>, que significa \u00edntegro y honrado. (M\u00f3nica Santa Eulalia, ACT).<\/li>\n<li>Para implicar a la comunidad local es necesario enfatizar con los cambios promovidos y que generen un caso de negocio para ella. (Visit Scotland).<\/li>\n<li>Ning\u00fan paso es demasiado peque\u00f1o si va en buena direcci\u00f3n. (V\u00e4stra G\u00f6taland).<\/li>\n<li>Tenemos <strong>el problema de<\/strong> <strong>c\u00f3mo medir el turismo regenerativo<\/strong>. Debemos sacar partido de la tecnolog\u00eda e incorporarla a todo lo local. (CETT).<\/li>\n<li>No olvidemos nunca la cultura si lo que queremos es regenerar el turismo. (Europa Nuestra).<\/li>\n<li>El cambio en el modelo de viaje debe beneficiar a las comunidades, pero tambi\u00e9n es necesario construir el modelo con ellas. Tenemos que escucharnos y aprender unos de otros. (Comisi\u00f3n Europea).<\/li>\n<\/ul>\n<p>La jornada estuvo organizada por la Generalidad de Catalu\u00f1a a trav\u00e9s del Departamento de Empresa y Trabajo con <a href=\"https:\/\/necstour.eu\/\" target=\"_blank\" rel=\"noopener\"><strong>NECSTouR<\/strong><\/a>, la red de regiones europeas para un turismo sostenible y competitivo. Catalu\u00f1a finalizaba as\u00ed su etapa de presidencia de NECSTouR, que ha dejado en manos del Gobierno de Andaluc\u00eda, representado por su secretar\u00eda general de Turismo, Yolanda de Aguilar, que tambi\u00e9n es presidenta de NECSTouR.<\/p>\n<p>Puede ver la agenda de la jornada, con los temas tratados y los ponentes que participaron <strong><a href=\"https:\/\/event.turismecat.com\/regenerativetourism\/en\/info\" target=\"_blank\" rel=\"noopener\">AQU\u00cd.<\/a><\/strong><\/p>\n<p>Y si desea seguir la sesi\u00f3n completa que se sigui\u00f3 en <em>streaming<\/em>, puede hacerlo <strong><a href=\"https:\/\/www.youtube.com\/watch?v=1j_IsEbaWaA\" target=\"_blank\" rel=\"noopener\">AQU\u00cd.<\/a><\/strong><\/p>\n<p>&nbsp;<\/p>\n<p>&nbsp;<\/p>\n","protected":false},"excerpt":{"rendered":"<p>La necesaria transformaci\u00f3n del modelo tur\u00edstico debido a la crisis clim\u00e1tica para impulsar lo que se conoce como Turismo regenerativo que promueva un mejor territorio para vivir y visitar, ha sido objeto de una jornada en la que han participado 400 profesionales. El evento, celebrado en el auditorio de La Pedrera en Barcelona, \u200b\u200bse ha &hellip;<\/p>\n","protected":false},"author":408,"featured_media":20996,"comment_status":"closed","ping_status":"open","sticky":false,"template":"","format":"standard","meta":[],"categories":[63],"tags":[],"_links":{"self":[{"href":"https:\/\/www.comunicatur.info\/es\/wp-json\/wp\/v2\/posts\/21011"}],"collection":[{"href":"https:\/\/www.comunicatur.info\/es\/wp-json\/wp\/v2\/posts"}],"about":[{"href":"https:\/\/www.comunicatur.info\/es\/wp-json\/wp\/v2\/types\/post"}],"author":[{"embeddable":true,"href":"https:\/\/www.comunicatur.info\/es\/wp-json\/wp\/v2\/users\/408"}],"replies":[{"embeddable":true,"href":"https:\/\/www.comunicatur.info\/es\/wp-json\/wp\/v2\/comments?post=21011"}],"version-history":[{"count":6,"href":"https:\/\/www.comunicatur.info\/es\/wp-json\/wp\/v2\/posts\/21011\/revisions"}],"predecessor-version":[{"id":21017,"href":"https:\/\/www.comunicatur.info\/es\/wp-json\/wp\/v2\/posts\/21011\/revisions\/21017"}],"wp:featuredmedia":[{"embeddable":true,"href":"https:\/\/www.comunicatur.info\/es\/wp-json\/wp\/v2\/media\/20996"}],"wp:attachment":[{"href":"https:\/\/www.comunicatur.info\/es\/wp-json\/wp\/v2\/media?parent=21011"}],"wp:term":[{"taxonomy":"category","embeddable":true,"href":"https:\/\/www.comunicatur.info\/es\/wp-json\/wp\/v2\/categories?post=21011"},{"taxonomy":"post_tag","embeddable":true,"href":"https:\/\/www.comunicatur.info\/es\/wp-json\/wp\/v2\/tags?post=21011"}],"curies":[{"name":"wp","href":"https:\/\/api.w.org\/{rel}","templated":true}]}}