{"id":20982,"date":"2022-09-26T00:00:38","date_gmt":"2022-09-25T22:00:38","guid":{"rendered":"https:\/\/www.comunicatur.info\/?p=20982"},"modified":"2022-09-22T19:33:06","modified_gmt":"2022-09-22T17:33:06","slug":"ya-se-ha-firmado-el-convenio-colectivo-de-la-hosteleria-de-cataluna","status":"publish","type":"post","link":"https:\/\/www.comunicatur.info\/es\/ya-se-ha-firmado-el-convenio-colectivo-de-la-hosteleria-de-cataluna\/","title":{"rendered":"Ya se ha firmado el convenio colectivo de la hosteler\u00eda de Catalu\u00f1a"},"content":{"rendered":"<p>Estaba pendiente la r\u00fabrica el preacuerdo del convenio Interprovincial de Hosteler\u00eda de Catalu\u00f1a al que llegaron la patronal y el sindicato UGT.<\/p>\n<p>Finalmente, no se ha sumado CCOO, segundo sindicato mayoritario en el sector, que como explic\u00e1bamos hace dos semanas en <a href=\"https:\/\/www.comunicatur.info\/es\/el-nuevo-convenio-de-hosteleria-2022-2024-cerca-del-acuerdo\/\" target=\"_blank\" rel=\"noopener\">Comunicatur<\/a> estaban pensando si secundarlo y al final se ha desmarcado. El convenio cubre a los m\u00e1s de 200.000 trabajadores del sector independientemente del n\u00famero de empleados de la empresa, tengan comit\u00e9 de empresa o delegados.<\/p>\n<p>El sector ha sufrido dos a\u00f1os muy duros a causa de la pandemia y los ERTEs. Este convenio proporcionar\u00e1 -seg\u00fan estimaciones sindicales- un incremento alrededor de 50 euros\/mes durante 2022 (4%), para 2023 de un 3% y para el a\u00f1o 2024 el 2%.<\/p>\n<p>UGT de Catalu\u00f1a, que s\u00ed lo ha firmado, afirma que con el convenio <em>\u201cse gana en condiciones de trabajo y se recuperan derechos para las personas trabajadoras del sector, as\u00ed como la cobertura a colectivos de los trabajadores y trabajadoras que se encontraban en vac\u00edos legales\u201d.<\/em><\/p>\n<p>El convenio no incluye una cl\u00e1usula de revisi\u00f3n salarial, pero UGT lo defiende diciendo que <em>\u201cdurante la vigencia del convenio se garantiza un 9 % de incremento en conjunto y, por tanto, tambi\u00e9n se garantiza las previsiones actuales de IPC para los \u00faltimos a\u00f1os de vigencia\u201d.<\/em><\/p>\n<p>Detalles de las coberturas del convenio en la informaci\u00f3n de Comunicatur del pasado 13 de septiembre.<\/p>\n<blockquote class=\"wp-embedded-content\" data-secret=\"pcftyH0fvN\"><p><a href=\"https:\/\/www.comunicatur.info\/es\/el-nuevo-convenio-de-hosteleria-2022-2024-cerca-del-acuerdo\/\">El nuevo convenio de hosteler\u00eda 2022-2024, cerca del acuerdo<\/a><\/p><\/blockquote>\n<p><iframe class=\"wp-embedded-content\" sandbox=\"allow-scripts\" security=\"restricted\" style=\"position: absolute; clip: rect(1px, 1px, 1px, 1px);\" title=\"\u00abEl nuevo convenio de hosteler\u00eda 2022-2024, cerca del acuerdo\u00bb \u2014 Comunicatur\" src=\"https:\/\/www.comunicatur.info\/es\/el-nuevo-convenio-de-hosteleria-2022-2024-cerca-del-acuerdo\/embed\/#?secret=93LbK0RoNH#?secret=pcftyH0fvN\" data-secret=\"pcftyH0fvN\" width=\"500\" height=\"282\" frameborder=\"0\" marginwidth=\"0\" marginheight=\"0\" scrolling=\"no\"><\/iframe><\/p>\n","protected":false},"excerpt":{"rendered":"<p>Estaba pendiente la r\u00fabrica el preacuerdo del convenio Interprovincial de Hosteler\u00eda de Catalu\u00f1a al que llegaron la patronal y el sindicato UGT. Finalmente, no se ha sumado CCOO, segundo sindicato mayoritario en el sector, que como explic\u00e1bamos hace dos semanas en Comunicatur estaban pensando si secundarlo y al final se ha desmarcado. El convenio cubre &hellip;<\/p>\n","protected":false},"author":408,"featured_media":19327,"comment_status":"closed","ping_status":"open","sticky":false,"template":"","format":"standard","meta":[],"categories":[61],"tags":[],"_links":{"self":[{"href":"https:\/\/www.comunicatur.info\/es\/wp-json\/wp\/v2\/posts\/20982"}],"collection":[{"href":"https:\/\/www.comunicatur.info\/es\/wp-json\/wp\/v2\/posts"}],"about":[{"href":"https:\/\/www.comunicatur.info\/es\/wp-json\/wp\/v2\/types\/post"}],"author":[{"embeddable":true,"href":"https:\/\/www.comunicatur.info\/es\/wp-json\/wp\/v2\/users\/408"}],"replies":[{"embeddable":true,"href":"https:\/\/www.comunicatur.info\/es\/wp-json\/wp\/v2\/comments?post=20982"}],"version-history":[{"count":3,"href":"https:\/\/www.comunicatur.info\/es\/wp-json\/wp\/v2\/posts\/20982\/revisions"}],"predecessor-version":[{"id":20985,"href":"https:\/\/www.comunicatur.info\/es\/wp-json\/wp\/v2\/posts\/20982\/revisions\/20985"}],"wp:featuredmedia":[{"embeddable":true,"href":"https:\/\/www.comunicatur.info\/es\/wp-json\/wp\/v2\/media\/19327"}],"wp:attachment":[{"href":"https:\/\/www.comunicatur.info\/es\/wp-json\/wp\/v2\/media?parent=20982"}],"wp:term":[{"taxonomy":"category","embeddable":true,"href":"https:\/\/www.comunicatur.info\/es\/wp-json\/wp\/v2\/categories?post=20982"},{"taxonomy":"post_tag","embeddable":true,"href":"https:\/\/www.comunicatur.info\/es\/wp-json\/wp\/v2\/tags?post=20982"}],"curies":[{"name":"wp","href":"https:\/\/api.w.org\/{rel}","templated":true}]}}