{"id":20956,"date":"2022-09-21T00:00:23","date_gmt":"2022-09-20T22:00:23","guid":{"rendered":"https:\/\/www.comunicatur.info\/?p=20956"},"modified":"2022-11-05T17:56:12","modified_gmt":"2022-11-05T15:56:12","slug":"andorra-congela-las-licencias-de-pisos-turisticos","status":"publish","type":"post","link":"https:\/\/www.comunicatur.info\/es\/andorra-congela-las-licencias-de-pisos-turisticos\/","title":{"rendered":"Andorra congela las licencias de pisos tur\u00edsticos"},"content":{"rendered":"<p><img class=\"alignright size-medium wp-image-19336\" src=\"https:\/\/www.comunicatur.info\/wp-content\/uploads\/2021\/09\/AndorraXavier_Espot-214x300.jpg\" alt=\"\" width=\"214\" height=\"300\" \/>El jefe de Gobierno del Principado de Andorra, Xavier Espot, ha anunciado que suspender\u00e1 durante dos a\u00f1os la concesi\u00f3n de permisos para nuevas viviendas tur\u00edsticas. La intenci\u00f3n del Govern es elaborar un estudio que determine el techo de alojamiento tur\u00edstico que puede absorber el pa\u00eds.<\/p>\n<p>Esta medida est\u00e1 motivada por la falta de oferta de alquiler de vivienda residencial. Durante dos a\u00f1os quedar\u00e1n bloqueadas las licencias y empezar\u00e1 el an\u00e1lisis parroquia a parroquia (municipio a municipio) para conocer la capacidad m\u00e1xima de turismo y las previsiones de crecimiento de poblaci\u00f3n. Establecer\u00e1 cu\u00e1les ser\u00e1n los nuevos requisitos necesarios para poder legalizar una vivienda destinada al turismo.<\/p>\n<p>La problem\u00e1tica del alquiler residencial es una de las principales preocupaciones de Espot y considera que la proliferaci\u00f3n de apartamentos tur\u00edsticos ha ido en detrimento del alquiler convencional. En este sentido, el jefe de Gobierno ya ha dicho que va a destinar cerca de 20 millones de euros para facilitar el alquiler. Ha anunciado 8 millones para alquilar pisos vac\u00edos y redirigirlos a alquiler asequible y otros 11 millones para hacer una compra de viviendas que tambi\u00e9n ir\u00edan para el alquiler p\u00fablico.<\/p>\n<p>En la moratoria de licencias tur\u00edsticas no quedar\u00e1n incluidas las viviendas unifamiliares, la medida afectar\u00e1 s\u00f3lo a los pisos.<\/p>\n","protected":false},"excerpt":{"rendered":"<p>El jefe de Gobierno del Principado de Andorra, Xavier Espot, ha anunciado que suspender\u00e1 durante dos a\u00f1os la concesi\u00f3n de permisos para nuevas viviendas tur\u00edsticas. La intenci\u00f3n del Govern es elaborar un estudio que determine el techo de alojamiento tur\u00edstico que puede absorber el pa\u00eds. Esta medida est\u00e1 motivada por la falta de oferta de &hellip;<\/p>\n","protected":false},"author":408,"featured_media":20680,"comment_status":"closed","ping_status":"open","sticky":false,"template":"","format":"standard","meta":[],"categories":[62,74],"tags":[],"_links":{"self":[{"href":"https:\/\/www.comunicatur.info\/es\/wp-json\/wp\/v2\/posts\/20956"}],"collection":[{"href":"https:\/\/www.comunicatur.info\/es\/wp-json\/wp\/v2\/posts"}],"about":[{"href":"https:\/\/www.comunicatur.info\/es\/wp-json\/wp\/v2\/types\/post"}],"author":[{"embeddable":true,"href":"https:\/\/www.comunicatur.info\/es\/wp-json\/wp\/v2\/users\/408"}],"replies":[{"embeddable":true,"href":"https:\/\/www.comunicatur.info\/es\/wp-json\/wp\/v2\/comments?post=20956"}],"version-history":[{"count":1,"href":"https:\/\/www.comunicatur.info\/es\/wp-json\/wp\/v2\/posts\/20956\/revisions"}],"predecessor-version":[{"id":20957,"href":"https:\/\/www.comunicatur.info\/es\/wp-json\/wp\/v2\/posts\/20956\/revisions\/20957"}],"wp:featuredmedia":[{"embeddable":true,"href":"https:\/\/www.comunicatur.info\/es\/wp-json\/wp\/v2\/media\/20680"}],"wp:attachment":[{"href":"https:\/\/www.comunicatur.info\/es\/wp-json\/wp\/v2\/media?parent=20956"}],"wp:term":[{"taxonomy":"category","embeddable":true,"href":"https:\/\/www.comunicatur.info\/es\/wp-json\/wp\/v2\/categories?post=20956"},{"taxonomy":"post_tag","embeddable":true,"href":"https:\/\/www.comunicatur.info\/es\/wp-json\/wp\/v2\/tags?post=20956"}],"curies":[{"name":"wp","href":"https:\/\/api.w.org\/{rel}","templated":true}]}}