{"id":20885,"date":"2022-09-12T00:00:44","date_gmt":"2022-09-11T22:00:44","guid":{"rendered":"https:\/\/www.comunicatur.info\/?p=20885"},"modified":"2022-09-25T18:37:15","modified_gmt":"2022-09-25T16:37:15","slug":"el-cicloturismo-deja-cifras-millonarias","status":"publish","type":"post","link":"https:\/\/www.comunicatur.info\/es\/el-cicloturismo-deja-cifras-millonarias\/","title":{"rendered":"El cicloturismo deja cifras millonarias"},"content":{"rendered":"<p>La edici\u00f3n 2022 de Festibike celebrada en Las Rozas (Madrid) ha servido para tomar el pulso al sector del cicloturismo. Los organizadores han apostado por \u00e9l y han dedicado los tres d\u00edas de feria a este \u00e1mbito del turismo deportivo que est\u00e1 en auge.<\/p>\n<p>El cicloturismo mueve en Espa\u00f1a una industria de 1.900 millones de euros en ventas y 22.500 empleos, seg\u00fan ha destacado Festibike. Los viajes por turismo deportivo se han incrementado en un 23% en todo el pa\u00eds en los \u00faltimos 4 a\u00f1os. El n\u00famero de pernoctaciones relacionadas con este tipo de turismo rozan los 13 millones anuales, con un aumento del 34% en este periodo.<\/p>\n<p>El Consejo suprior de Deportes calcula que 21 millones de espa\u00f1oles tienen una bicicleta y casi 8 millones la utilizan como m\u00ednimo una vez al mes. Es una actividad abierta a todos los p\u00fablicos ya que el 89% de la poblaci\u00f3n sabe montar en bici.<\/p>\n<p>M\u00e1s de 34.000 personas han pasado por el Recinto Ferial de Las Rozas este fin de semana (9 al 11 de septiembre) para conocer destinos, productos y servicios vinculados a las bicicletas, pero en general del turismo y ocio activo.<\/p>\n<blockquote class=\"twitter-tweet\">\n<p dir=\"ltr\" lang=\"es\">El \u00faltimo d\u00eda del Festibike ha sido una locura. Aqu\u00ed os dejamos un peque\u00f1o video resumen de lo que fue estos dos \u00faltimos d\u00edas del Festibike. Muchas gracias a todos por venir un a\u00f1o m\u00e1s y esperamos veros en la siguiente edici\u00f3n: \u00a1A POR EL FESTIBIKE 2023!<br \/>\n.<br \/>\n.<br \/>\n.<br \/>\n<a href=\"https:\/\/twitter.com\/hashtag\/festibike22?src=hash&amp;ref_src=twsrc%5Etfw\" target=\"_blank\" rel=\"noopener\">#festibike22<\/a> <a href=\"https:\/\/t.co\/o0Ah2EXV5w\" target=\"_blank\">pic.twitter.com\/o0Ah2EXV5w<\/a><\/p>\n<p>\u2014 Festibike (@Festibike22) <a href=\"https:\/\/twitter.com\/Festibike22\/status\/1569040625672101889?ref_src=twsrc%5Etfw\" target=\"_blank\" rel=\"noopener\">September 11, 2022<\/a><\/p><\/blockquote>\n<p><script async src=\"https:\/\/platform.twitter.com\/widgets.js\" charset=\"utf-8\"><\/script><\/p>\n","protected":false},"excerpt":{"rendered":"<p>La edici\u00f3n 2022 de Festibike celebrada en Las Rozas (Madrid) ha servido para tomar el pulso al sector del cicloturismo. Los organizadores han apostado por \u00e9l y han dedicado los tres d\u00edas de feria a este \u00e1mbito del turismo deportivo que est\u00e1 en auge. El cicloturismo mueve en Espa\u00f1a una industria de 1.900 millones de &hellip;<\/p>\n","protected":false},"author":408,"featured_media":20882,"comment_status":"closed","ping_status":"open","sticky":false,"template":"","format":"standard","meta":[],"categories":[74,63],"tags":[],"_links":{"self":[{"href":"https:\/\/www.comunicatur.info\/es\/wp-json\/wp\/v2\/posts\/20885"}],"collection":[{"href":"https:\/\/www.comunicatur.info\/es\/wp-json\/wp\/v2\/posts"}],"about":[{"href":"https:\/\/www.comunicatur.info\/es\/wp-json\/wp\/v2\/types\/post"}],"author":[{"embeddable":true,"href":"https:\/\/www.comunicatur.info\/es\/wp-json\/wp\/v2\/users\/408"}],"replies":[{"embeddable":true,"href":"https:\/\/www.comunicatur.info\/es\/wp-json\/wp\/v2\/comments?post=20885"}],"version-history":[{"count":3,"href":"https:\/\/www.comunicatur.info\/es\/wp-json\/wp\/v2\/posts\/20885\/revisions"}],"predecessor-version":[{"id":20913,"href":"https:\/\/www.comunicatur.info\/es\/wp-json\/wp\/v2\/posts\/20885\/revisions\/20913"}],"wp:featuredmedia":[{"embeddable":true,"href":"https:\/\/www.comunicatur.info\/es\/wp-json\/wp\/v2\/media\/20882"}],"wp:attachment":[{"href":"https:\/\/www.comunicatur.info\/es\/wp-json\/wp\/v2\/media?parent=20885"}],"wp:term":[{"taxonomy":"category","embeddable":true,"href":"https:\/\/www.comunicatur.info\/es\/wp-json\/wp\/v2\/categories?post=20885"},{"taxonomy":"post_tag","embeddable":true,"href":"https:\/\/www.comunicatur.info\/es\/wp-json\/wp\/v2\/tags?post=20885"}],"curies":[{"name":"wp","href":"https:\/\/api.w.org\/{rel}","templated":true}]}}