{"id":20857,"date":"2022-08-25T00:00:30","date_gmt":"2022-08-24T22:00:30","guid":{"rendered":"https:\/\/www.comunicatur.info\/?p=20857"},"modified":"2022-09-25T18:32:47","modified_gmt":"2022-09-25T16:32:47","slug":"la-temporada-turistica-se-escapa-por-los-pelos-de-la-crisis-economica-de-septiembre","status":"publish","type":"post","link":"https:\/\/www.comunicatur.info\/es\/la-temporada-turistica-se-escapa-por-los-pelos-de-la-crisis-economica-de-septiembre\/","title":{"rendered":"La temporada tur\u00edstica se escapa por los pelos de la crisis econ\u00f3mica de septiembre"},"content":{"rendered":"<p>La recesi\u00f3n econ\u00f3mica llama a la puerta. Las alarmas se han activado en Europa ante una previsible llegada de crisis econ\u00f3mica a partir de septiembre.<\/p>\n<p>El turismo ha podido realizar una temporada de verano positiva antes que las econom\u00edas europeas no entren en recesi\u00f3n. Los factores que dibujan este panorama: el alza de precios que ha generado una inflaci\u00f3n de dos d\u00edgitos; las dificultades de suministro de gas que puede ser especialmente grave en Alemania, motor econ\u00f3mico, y la evoluci\u00f3n que el mercado laboral est\u00e1 sufriendo, excepcionando los subsectores vinculados al turismo y la hosteler\u00eda.<\/p>\n<p>Tan elevada inflaci\u00f3n no se sufr\u00eda en Espa\u00f1a desde 1985. La econom\u00eda espa\u00f1ola se sit\u00faa en un escenario como el de hace 37 a\u00f1os. Vertiginoso crecimiento del IPC que conlleva una p\u00e9rdida de poder adquisitivo. El consumo se resentir\u00e1, la demanda caer\u00e1 y la recesi\u00f3n llegar\u00e1.<\/p>\n<p>Es una inc\u00f3gnita c\u00f3mo se comportar\u00e1n los mercados emisores de turismo en el futuro. Toda la caja que realicen las empresas tur\u00edsticas este verano es bienvenida. El gobierno espa\u00f1ol se ha conjurado para enviar mensajes positivos negando un escenario de recesi\u00f3n en el futuro. El ministro de la Seguridad Social, Jos\u00e9 Lu\u00eds Escriv\u00e1, cree que las posibilidades de recesi\u00f3n son \u00abmuy bajas\u00bb y lo argumenta confiando en la contribuci\u00f3n que tienen los fondos europeos y el volumen de ahorros de las familias.<\/p>\n","protected":false},"excerpt":{"rendered":"<p>La recesi\u00f3n econ\u00f3mica llama a la puerta. Las alarmas se han activado en Europa ante una previsible llegada de crisis econ\u00f3mica a partir de septiembre. El turismo ha podido realizar una temporada de verano positiva antes que las econom\u00edas europeas no entren en recesi\u00f3n. Los factores que dibujan este panorama: el alza de precios que &hellip;<\/p>\n","protected":false},"author":408,"featured_media":20837,"comment_status":"closed","ping_status":"open","sticky":false,"template":"","format":"standard","meta":[],"categories":[59,62,74],"tags":[],"_links":{"self":[{"href":"https:\/\/www.comunicatur.info\/es\/wp-json\/wp\/v2\/posts\/20857"}],"collection":[{"href":"https:\/\/www.comunicatur.info\/es\/wp-json\/wp\/v2\/posts"}],"about":[{"href":"https:\/\/www.comunicatur.info\/es\/wp-json\/wp\/v2\/types\/post"}],"author":[{"embeddable":true,"href":"https:\/\/www.comunicatur.info\/es\/wp-json\/wp\/v2\/users\/408"}],"replies":[{"embeddable":true,"href":"https:\/\/www.comunicatur.info\/es\/wp-json\/wp\/v2\/comments?post=20857"}],"version-history":[{"count":1,"href":"https:\/\/www.comunicatur.info\/es\/wp-json\/wp\/v2\/posts\/20857\/revisions"}],"predecessor-version":[{"id":20858,"href":"https:\/\/www.comunicatur.info\/es\/wp-json\/wp\/v2\/posts\/20857\/revisions\/20858"}],"wp:featuredmedia":[{"embeddable":true,"href":"https:\/\/www.comunicatur.info\/es\/wp-json\/wp\/v2\/media\/20837"}],"wp:attachment":[{"href":"https:\/\/www.comunicatur.info\/es\/wp-json\/wp\/v2\/media?parent=20857"}],"wp:term":[{"taxonomy":"category","embeddable":true,"href":"https:\/\/www.comunicatur.info\/es\/wp-json\/wp\/v2\/categories?post=20857"},{"taxonomy":"post_tag","embeddable":true,"href":"https:\/\/www.comunicatur.info\/es\/wp-json\/wp\/v2\/tags?post=20857"}],"curies":[{"name":"wp","href":"https:\/\/api.w.org\/{rel}","templated":true}]}}