{"id":20810,"date":"2022-08-09T00:00:56","date_gmt":"2022-08-08T22:00:56","guid":{"rendered":"https:\/\/www.comunicatur.info\/?p=20810"},"modified":"2022-08-04T16:27:17","modified_gmt":"2022-08-04T14:27:17","slug":"ya-es-obligado-aplicar-las-medidas-de-ahorro-de-energia-en-el-turismo","status":"publish","type":"post","link":"https:\/\/www.comunicatur.info\/es\/ya-es-obligado-aplicar-las-medidas-de-ahorro-de-energia-en-el-turismo\/","title":{"rendered":"Ya es obligado aplicar las medidas de ahorro de energ\u00eda en el turismo"},"content":{"rendered":"<p>Ha entrado en vigor el real-decreto de medidas de ahorro y eficiencia energ\u00e9tica aprobado por el Gobierno y que obliga a alojamientos, comercios, restaurantes, transportes, espacios culturales, ente otros, a cumplirlo bajo el riesgo de sanci\u00f3n.<\/p>\n<p>Los establecimientos est\u00e1n obligados desde ya a limitar a 27 grados la temperatura del aire acondicionado durante el verano y para la temporada de invierno sit\u00faa la calefacci\u00f3n en 19 grados como m\u00e1ximo. Por ahora estas medidas extender\u00e1n su vigencia hasta el 1 de noviembre de 2023.<\/p>\n<p>A partir del 30 de septiembre, adem\u00e1s, los locales p\u00fablicos deber\u00e1n contar con puertas de cierre autom\u00e1tica para mantener la eficiencia de la climatizaci\u00f3n interior y con pantallas informativas de temperatura y humedad. Y para aquellos establecimientos que no hayan pasado una revisi\u00f3n de eficiencia energ\u00e9tica despu\u00e9s del 1 de enero de 2021 deber\u00e1n realizar una inspecci\u00f3n extraordinaria antes de finalizar este a\u00f1o 2022.<\/p>\n<p>El sector considera que las medidas son precipitadas y que se han implementado en plena temporada alta de turismo; sin consulta previa al sector y solo con una semana de margen de tiempo para implantarlas. Adem\u00e1s, critican que no tenga en cuenta las diferentes caracter\u00edsticas clim\u00e1ticas del territorio espa\u00f1ol. La ministra de Industria, Comercio y Turismo, Reyes Maroto, ha aclarado que la normativa tiene excepciones para garantizar una temperatura adecuada en los espacios de trabajo como por ejemplo las cocinas de los restaurantes.<\/p>\n<p>Estas medidas son el anticipo a pr\u00f3ximos paquetes de restricciones energ\u00e9ticas que afectar\u00e1n al sistema productivo y al conjunto de la sociedad. Los estados de la Uni\u00f3n Europea se preparan para afrontar una crisis energ\u00e9tica sin precedentes este invierno con el corte de gas que plantea Rusia para el continente europeo.<\/p>\n","protected":false},"excerpt":{"rendered":"<p>Ha entrado en vigor el real-decreto de medidas de ahorro y eficiencia energ\u00e9tica aprobado por el Gobierno y que obliga a alojamientos, comercios, restaurantes, transportes, espacios culturales, ente otros, a cumplirlo bajo el riesgo de sanci\u00f3n. Los establecimientos est\u00e1n obligados desde ya a limitar a 27 grados la temperatura del aire acondicionado durante el verano &hellip;<\/p>\n","protected":false},"author":408,"featured_media":20807,"comment_status":"closed","ping_status":"open","sticky":false,"template":"","format":"standard","meta":[],"categories":[61],"tags":[],"_links":{"self":[{"href":"https:\/\/www.comunicatur.info\/es\/wp-json\/wp\/v2\/posts\/20810"}],"collection":[{"href":"https:\/\/www.comunicatur.info\/es\/wp-json\/wp\/v2\/posts"}],"about":[{"href":"https:\/\/www.comunicatur.info\/es\/wp-json\/wp\/v2\/types\/post"}],"author":[{"embeddable":true,"href":"https:\/\/www.comunicatur.info\/es\/wp-json\/wp\/v2\/users\/408"}],"replies":[{"embeddable":true,"href":"https:\/\/www.comunicatur.info\/es\/wp-json\/wp\/v2\/comments?post=20810"}],"version-history":[{"count":2,"href":"https:\/\/www.comunicatur.info\/es\/wp-json\/wp\/v2\/posts\/20810\/revisions"}],"predecessor-version":[{"id":20812,"href":"https:\/\/www.comunicatur.info\/es\/wp-json\/wp\/v2\/posts\/20810\/revisions\/20812"}],"wp:featuredmedia":[{"embeddable":true,"href":"https:\/\/www.comunicatur.info\/es\/wp-json\/wp\/v2\/media\/20807"}],"wp:attachment":[{"href":"https:\/\/www.comunicatur.info\/es\/wp-json\/wp\/v2\/media?parent=20810"}],"wp:term":[{"taxonomy":"category","embeddable":true,"href":"https:\/\/www.comunicatur.info\/es\/wp-json\/wp\/v2\/categories?post=20810"},{"taxonomy":"post_tag","embeddable":true,"href":"https:\/\/www.comunicatur.info\/es\/wp-json\/wp\/v2\/tags?post=20810"}],"curies":[{"name":"wp","href":"https:\/\/api.w.org\/{rel}","templated":true}]}}