{"id":20802,"date":"2022-08-11T00:00:24","date_gmt":"2022-08-10T22:00:24","guid":{"rendered":"https:\/\/www.comunicatur.info\/?p=20802"},"modified":"2022-08-04T15:54:45","modified_gmt":"2022-08-04T13:54:45","slug":"8-becas-para-cubrir-plazas-en-las-oficinas-exteriores-de-turismo-de-cataluna","status":"publish","type":"post","link":"https:\/\/www.comunicatur.info\/es\/8-becas-para-cubrir-plazas-en-las-oficinas-exteriores-de-turismo-de-cataluna\/","title":{"rendered":"8 becas para cubrir plazas en las oficinas exteriores de Turismo de Catalu\u00f1a"},"content":{"rendered":"<p>La Agencia Catalana de Turismo (ACT) ha abierto la convocatoria de becas en formaci\u00f3n de marketing tur\u00edstico para incorporar a nuevo personal becario en las oficinas de promoci\u00f3n tur\u00edstica que tiene fuera de Catalu\u00f1a.<\/p>\n<p>Este a\u00f1o ofrecen ocho plazas a cubrir en el 2023: dos en Par\u00eds, dos en Londres, una en Madrid, una en Frankfurt, una en Bruselas y una en Nueva York. El director de la ACT, Narc\u00eds Ferrer, asegura que <em><strong>\u201cen un momento en que la formaci\u00f3n en nuestro sector es una cuesti\u00f3n clave, estas becas tienen un doble objetivo: formar a profesionales cualificados y cualificadas en el \u00e1mbito del sector tur\u00edstico catal\u00e1n y proporcionarles una experiencia que les permita aplicarla posteriormente en el desarrollo de su carrera profesional\u201d.<\/strong><\/em><\/p>\n<p>Para acceder a estas becas es necesario, entre otros requisitos, una titulaci\u00f3n universitaria oficial; dos a\u00f1os de empadronamiento en Catalu\u00f1a en los \u00faltimos cinco a\u00f1os; el certificado de nivel de suficiencia de catal\u00e1n (nivel C1 o equivalente); un alto nivel oral y escrito del idioma oficial del pa\u00eds de destino; y tener un m\u00e1ximo de 30 a\u00f1os. <a href=\"http:\/\/act.gencat.cat\/que-somos\/trabaja-con-nosotros\/?lang=es\" target=\"_blank\" rel=\"noopener\"><em>M\u00e1s informaci\u00f3n aqu\u00ed.<\/em><\/a><\/p>\n<p>La duraci\u00f3n de las becas es de un a\u00f1o (enero-diciembre de 2023) con posibilidad de prorrogarlas doce meses m\u00e1s. El presupuesto es de m\u00e1s de 200.000 euros, a los que cabe sumar cerca de 157.000 euros para las renovaciones. Las solicitudes pueden presentarse hasta el 15 de septiembre de 2022.<\/p>\n<p>La ACT tiene oficinas de promoci\u00f3n tur\u00edstica en: Madrid, Frankfurt, Par\u00eds, Londres, Mil\u00e1n, Mosc\u00fa, Bruselas, Helsinki, Sao Paulo, Nueva York, Beijing y Singapur.<\/p>\n","protected":false},"excerpt":{"rendered":"<p>La Agencia Catalana de Turismo (ACT) ha abierto la convocatoria de becas en formaci\u00f3n de marketing tur\u00edstico para incorporar a nuevo personal becario en las oficinas de promoci\u00f3n tur\u00edstica que tiene fuera de Catalu\u00f1a. Este a\u00f1o ofrecen ocho plazas a cubrir en el 2023: dos en Par\u00eds, dos en Londres, una en Madrid, una en &hellip;<\/p>\n","protected":false},"author":408,"featured_media":20797,"comment_status":"closed","ping_status":"open","sticky":false,"template":"","format":"standard","meta":[],"categories":[68],"tags":[],"_links":{"self":[{"href":"https:\/\/www.comunicatur.info\/es\/wp-json\/wp\/v2\/posts\/20802"}],"collection":[{"href":"https:\/\/www.comunicatur.info\/es\/wp-json\/wp\/v2\/posts"}],"about":[{"href":"https:\/\/www.comunicatur.info\/es\/wp-json\/wp\/v2\/types\/post"}],"author":[{"embeddable":true,"href":"https:\/\/www.comunicatur.info\/es\/wp-json\/wp\/v2\/users\/408"}],"replies":[{"embeddable":true,"href":"https:\/\/www.comunicatur.info\/es\/wp-json\/wp\/v2\/comments?post=20802"}],"version-history":[{"count":2,"href":"https:\/\/www.comunicatur.info\/es\/wp-json\/wp\/v2\/posts\/20802\/revisions"}],"predecessor-version":[{"id":20804,"href":"https:\/\/www.comunicatur.info\/es\/wp-json\/wp\/v2\/posts\/20802\/revisions\/20804"}],"wp:featuredmedia":[{"embeddable":true,"href":"https:\/\/www.comunicatur.info\/es\/wp-json\/wp\/v2\/media\/20797"}],"wp:attachment":[{"href":"https:\/\/www.comunicatur.info\/es\/wp-json\/wp\/v2\/media?parent=20802"}],"wp:term":[{"taxonomy":"category","embeddable":true,"href":"https:\/\/www.comunicatur.info\/es\/wp-json\/wp\/v2\/categories?post=20802"},{"taxonomy":"post_tag","embeddable":true,"href":"https:\/\/www.comunicatur.info\/es\/wp-json\/wp\/v2\/tags?post=20802"}],"curies":[{"name":"wp","href":"https:\/\/api.w.org\/{rel}","templated":true}]}}