{"id":20769,"date":"2022-08-04T00:00:11","date_gmt":"2022-08-03T22:00:11","guid":{"rendered":"https:\/\/www.comunicatur.info\/?p=20769"},"modified":"2022-07-15T20:31:53","modified_gmt":"2022-07-15T18:31:53","slug":"el-emisor-italiano-vuelve-a-espana","status":"publish","type":"post","link":"https:\/\/www.comunicatur.info\/es\/el-emisor-italiano-vuelve-a-espana\/","title":{"rendered":"El emisor italiano vuelve a Espa\u00f1a"},"content":{"rendered":"<p>La tendencia de este 2022 de Italia como mercado emisor de turismo muestra que Espa\u00f1a supera a Francia y Reino Unido en posicionamiento entre los turistas de ese pa\u00eds.<\/p>\n<p>Los viajes de los italianos a destinos nacionales se han ido recuperando este a\u00f1o, pero en el periodo de verano se acentuar\u00e1. Las conexiones a\u00e9reas se han incrementado e incluso se han abierto nuevas, se\u00f1al del atractivo que tiene Espa\u00f1a para este mercado emisor. Este verano hay programados m\u00e1s vuelos entre los dos pa\u00edses que en el verano de 2019. Turespa\u00f1a prev\u00e9 adem\u00e1s que las estancias medias de los italianos se incrementen y pasen de 6,3 a casi 7 noches.<\/p>\n<p>Los estudios de Turespa\u00f1a dicen que la mayor intenci\u00f3n de viaje de los italianos entre destinos internacionales es Espa\u00f1a. Uno de cada diez encuestados la citan como destino para su viaje pr\u00f3ximo al extranjero. Y es que la misma encuesta desvela que Espa\u00f1a cuenta con el \u00edndice de satisfacci\u00f3n de viaje m\u00e1s alto entre los turistas italianos.<\/p>\n<p>Espa\u00f1a supera tanto en intenci\u00f3n de viajar como en satisfacci\u00f3n del viaje a sus principales competidores como son Grecia, Francia, Portugal y Reino Unido. Se presenta un verano tur\u00edstico muy italiano en Espa\u00f1a.<\/p>\n","protected":false},"excerpt":{"rendered":"<p>La tendencia de este 2022 de Italia como mercado emisor de turismo muestra que Espa\u00f1a supera a Francia y Reino Unido en posicionamiento entre los turistas de ese pa\u00eds. Los viajes de los italianos a destinos nacionales se han ido recuperando este a\u00f1o, pero en el periodo de verano se acentuar\u00e1. Las conexiones a\u00e9reas se &hellip;<\/p>\n","protected":false},"author":408,"featured_media":20772,"comment_status":"closed","ping_status":"open","sticky":false,"template":"","format":"standard","meta":[],"categories":[64],"tags":[],"_links":{"self":[{"href":"https:\/\/www.comunicatur.info\/es\/wp-json\/wp\/v2\/posts\/20769"}],"collection":[{"href":"https:\/\/www.comunicatur.info\/es\/wp-json\/wp\/v2\/posts"}],"about":[{"href":"https:\/\/www.comunicatur.info\/es\/wp-json\/wp\/v2\/types\/post"}],"author":[{"embeddable":true,"href":"https:\/\/www.comunicatur.info\/es\/wp-json\/wp\/v2\/users\/408"}],"replies":[{"embeddable":true,"href":"https:\/\/www.comunicatur.info\/es\/wp-json\/wp\/v2\/comments?post=20769"}],"version-history":[{"count":1,"href":"https:\/\/www.comunicatur.info\/es\/wp-json\/wp\/v2\/posts\/20769\/revisions"}],"predecessor-version":[{"id":20770,"href":"https:\/\/www.comunicatur.info\/es\/wp-json\/wp\/v2\/posts\/20769\/revisions\/20770"}],"wp:featuredmedia":[{"embeddable":true,"href":"https:\/\/www.comunicatur.info\/es\/wp-json\/wp\/v2\/media\/20772"}],"wp:attachment":[{"href":"https:\/\/www.comunicatur.info\/es\/wp-json\/wp\/v2\/media?parent=20769"}],"wp:term":[{"taxonomy":"category","embeddable":true,"href":"https:\/\/www.comunicatur.info\/es\/wp-json\/wp\/v2\/categories?post=20769"},{"taxonomy":"post_tag","embeddable":true,"href":"https:\/\/www.comunicatur.info\/es\/wp-json\/wp\/v2\/tags?post=20769"}],"curies":[{"name":"wp","href":"https:\/\/api.w.org\/{rel}","templated":true}]}}