{"id":20700,"date":"2022-07-14T00:00:40","date_gmt":"2022-07-13T22:00:40","guid":{"rendered":"https:\/\/www.comunicatur.info\/?p=20700"},"modified":"2022-07-12T17:19:40","modified_gmt":"2022-07-12T15:19:40","slug":"vivir-una-experiencia-diferente-en-la-sagrada-familia-la-pedrera-y-la-casa-batllo","status":"publish","type":"post","link":"https:\/\/www.comunicatur.info\/es\/vivir-una-experiencia-diferente-en-la-sagrada-familia-la-pedrera-y-la-casa-batllo\/","title":{"rendered":"Vivir una experiencia diferente en la Sagrada Familia, la Pedrera y la Casa Batll\u00f3"},"content":{"rendered":"<p>Los visitantes de los edificios modernistas m\u00e1s emblem\u00e1ticos de Antoni Gaud\u00ed podr\u00e1n enriquecer su experiencia con la realidad virtual o sensorial.<\/p>\n<p>El pasado a\u00f1o fue la Casa Batll\u00f3 la que inaugur\u00f3 una experiencia de realidad aumentada. En el caso de la Pedrera (Casa Mil\u00e0), a partir de este mes de julio, ofrece una experiencia inmersiva de realidad mixta (primera en Espa\u00f1a en utilizar gafas hologr\u00e1ficas). Quiere ser una nueva forma de disfrutar de este edificio Patrimonio de la Humanidad mezclando la realidad virtual con la realidad f\u00edsica.<\/p>\n<p>La tecnolog\u00eda se pone al servicio del visitante para que descubra nuevas sensaciones gracias a la atm\u00f3sfera que se crea mediante la m\u00fasica, los hologramas y las gafas RV. La nueva visita cuenta con elementos interactivos que gu\u00edan al visitante, pero la intenci\u00f3n de los responsables es que la tecnolog\u00eda sea un complemento y no resten el protagonismo al monumento.<\/p>\n<p><img class=\"alignright size-medium wp-image-20698\" src=\"https:\/\/www.comunicatur.info\/wp-content\/uploads\/2022\/07\/maqueta_sagradaFamilia_Torre-200x300.jpg\" alt=\"\" width=\"200\" height=\"300\" srcset=\"https:\/\/www.comunicatur.info\/wp-content\/uploads\/2022\/07\/maqueta_sagradaFamilia_Torre-200x300.jpg 200w, https:\/\/www.comunicatur.info\/wp-content\/uploads\/2022\/07\/maqueta_sagradaFamilia_Torre-683x1024.jpg 683w, https:\/\/www.comunicatur.info\/wp-content\/uploads\/2022\/07\/maqueta_sagradaFamilia_Torre-768x1152.jpg 768w, https:\/\/www.comunicatur.info\/wp-content\/uploads\/2022\/07\/maqueta_sagradaFamilia_Torre-600x900.jpg 600w, https:\/\/www.comunicatur.info\/wp-content\/uploads\/2022\/07\/maqueta_sagradaFamilia_Torre.jpg 917w\" sizes=\"(max-width: 200px) 100vw, 200px\" \/>Los turistas pueden adquirir esta visita a <strong><em>La Pedrera magical vision<\/em><\/strong> con un tiket particular de 18 euros que se puede complementar con la entrada general. Su vocaci\u00f3n es claramente tur\u00edstica ya que se ofrece en 11 idiomas.<\/p>\n<p>En la Sagrada Familia la propuesta es totalmente inclusiva. Las personas invidentes o con deficiencia visual cuentan por primera vez con una maqueta t\u00e1ctil que reproduce con todo lujo de detalles la torre que corona el templo y su nueva estrella inaugurada el pasado mes de diciembre. Este atractivo tur\u00edstico, el m\u00e1s importante de la ciudad de Barcelona, ha dado un paso m\u00e1s para adaptarse a los turistas con una propuesta accesible. La Torre de Mar\u00eda, ya la pueden \u201cver\u201d las personas ciegas a trav\u00e9s de sus propias manos. La maqueta mide 1,2 metros y se une a la que ya existe de la planta general de la bas\u00edlica.<\/p>\n","protected":false},"excerpt":{"rendered":"<p>Los visitantes de los edificios modernistas m\u00e1s emblem\u00e1ticos de Antoni Gaud\u00ed podr\u00e1n enriquecer su experiencia con la realidad virtual o sensorial. El pasado a\u00f1o fue la Casa Batll\u00f3 la que inaugur\u00f3 una experiencia de realidad aumentada. En el caso de la Pedrera (Casa Mil\u00e0), a partir de este mes de julio, ofrece una experiencia inmersiva &hellip;<\/p>\n","protected":false},"author":408,"featured_media":20696,"comment_status":"closed","ping_status":"open","sticky":false,"template":"","format":"standard","meta":[],"categories":[62],"tags":[],"_links":{"self":[{"href":"https:\/\/www.comunicatur.info\/es\/wp-json\/wp\/v2\/posts\/20700"}],"collection":[{"href":"https:\/\/www.comunicatur.info\/es\/wp-json\/wp\/v2\/posts"}],"about":[{"href":"https:\/\/www.comunicatur.info\/es\/wp-json\/wp\/v2\/types\/post"}],"author":[{"embeddable":true,"href":"https:\/\/www.comunicatur.info\/es\/wp-json\/wp\/v2\/users\/408"}],"replies":[{"embeddable":true,"href":"https:\/\/www.comunicatur.info\/es\/wp-json\/wp\/v2\/comments?post=20700"}],"version-history":[{"count":1,"href":"https:\/\/www.comunicatur.info\/es\/wp-json\/wp\/v2\/posts\/20700\/revisions"}],"predecessor-version":[{"id":20701,"href":"https:\/\/www.comunicatur.info\/es\/wp-json\/wp\/v2\/posts\/20700\/revisions\/20701"}],"wp:featuredmedia":[{"embeddable":true,"href":"https:\/\/www.comunicatur.info\/es\/wp-json\/wp\/v2\/media\/20696"}],"wp:attachment":[{"href":"https:\/\/www.comunicatur.info\/es\/wp-json\/wp\/v2\/media?parent=20700"}],"wp:term":[{"taxonomy":"category","embeddable":true,"href":"https:\/\/www.comunicatur.info\/es\/wp-json\/wp\/v2\/categories?post=20700"},{"taxonomy":"post_tag","embeddable":true,"href":"https:\/\/www.comunicatur.info\/es\/wp-json\/wp\/v2\/tags?post=20700"}],"curies":[{"name":"wp","href":"https:\/\/api.w.org\/{rel}","templated":true}]}}