{"id":20633,"date":"2022-06-29T00:00:34","date_gmt":"2022-06-28T22:00:34","guid":{"rendered":"https:\/\/www.comunicatur.info\/?p=20633"},"modified":"2022-06-28T18:14:59","modified_gmt":"2022-06-28T16:14:59","slug":"buena-noticia-mobile-hasta-el-2030","status":"publish","type":"post","link":"https:\/\/www.comunicatur.info\/es\/buena-noticia-mobile-hasta-el-2030\/","title":{"rendered":"Buena noticia, Mobile hasta el 2030"},"content":{"rendered":"<p>Los organizadores del Mobile World Congress (MWC) han desojado la margarita y han confirmado que seguir\u00e1n en Barcelona como m\u00ednimo hasta el 2030. <a href=\"https:\/\/www.comunicatur.info\/es\/las-dudas-sobre-la-continuidad-del-mobile\/\" target=\"_blank\" rel=\"noopener\">Las dudas se extend\u00edan desde la \u00faltima edici\u00f3n<\/a> en las que el CEO de la empresa organizadora, John Hoffman, se daba un tiempo para explicar que suceder\u00eda con este sal\u00f3n en el futuro. Madrid optaba a acogerlo con los brazos abiertos e incluso en p\u00fablico hab\u00edan verbalizado su inter\u00e9s.<\/p>\n<p>El contrato con Barcelona expiraba en 2024 y desde el 2018 se ha especulado sobre su continuidad en Catalu\u00f1a. Lleg\u00f3 a la ciudad en 2006 procedente de Cannes cuando la feria se denominaba 3GSM. Desde entonces, en 16 a\u00f1os, el macroevento de la industria de las telecomunicaciones ha impactado con 5.300 millones de euros y unos 140.000 empleos vinculados temporalmente. Se trata del acontecimiento tecnol\u00f3gico m\u00e1s importante a nivel mundial.<\/p>\n<p>El Mobile es el congreso m\u00e1s potente que se celebra en Fira de Barcelona. Esta instalaci\u00f3n tiene previsto ampliar la superficie del MWC si los organizadores lo solicitan. De hecho, realizar\u00e1 una inversi\u00f3n superior a los 360 millones de euros para acometer la ampliaci\u00f3n del recinto ferial de Gran Via en el Hospitalet de Llobregat. Todas las administraciones y el sector empresarial han remado a favor para que este evento siga situando Barcelona como la capital de la tecnolog\u00eda m\u00f3vil.<\/p>\n<p>La \u00faltima edici\u00f3n del MWC, el febrero pasado, que se celebr\u00f3 bajo el impacto de la variante \u00f3micron, congreg\u00f3 a 60.000 visitantes de 200 pa\u00edses.<\/p>\n","protected":false},"excerpt":{"rendered":"<p>Los organizadores del Mobile World Congress (MWC) han desojado la margarita y han confirmado que seguir\u00e1n en Barcelona como m\u00ednimo hasta el 2030. Las dudas se extend\u00edan desde la \u00faltima edici\u00f3n en las que el CEO de la empresa organizadora, John Hoffman, se daba un tiempo para explicar que suceder\u00eda con este sal\u00f3n en el &hellip;<\/p>\n","protected":false},"author":408,"featured_media":19013,"comment_status":"closed","ping_status":"open","sticky":false,"template":"","format":"standard","meta":[],"categories":[63],"tags":[],"_links":{"self":[{"href":"https:\/\/www.comunicatur.info\/es\/wp-json\/wp\/v2\/posts\/20633"}],"collection":[{"href":"https:\/\/www.comunicatur.info\/es\/wp-json\/wp\/v2\/posts"}],"about":[{"href":"https:\/\/www.comunicatur.info\/es\/wp-json\/wp\/v2\/types\/post"}],"author":[{"embeddable":true,"href":"https:\/\/www.comunicatur.info\/es\/wp-json\/wp\/v2\/users\/408"}],"replies":[{"embeddable":true,"href":"https:\/\/www.comunicatur.info\/es\/wp-json\/wp\/v2\/comments?post=20633"}],"version-history":[{"count":1,"href":"https:\/\/www.comunicatur.info\/es\/wp-json\/wp\/v2\/posts\/20633\/revisions"}],"predecessor-version":[{"id":20634,"href":"https:\/\/www.comunicatur.info\/es\/wp-json\/wp\/v2\/posts\/20633\/revisions\/20634"}],"wp:featuredmedia":[{"embeddable":true,"href":"https:\/\/www.comunicatur.info\/es\/wp-json\/wp\/v2\/media\/19013"}],"wp:attachment":[{"href":"https:\/\/www.comunicatur.info\/es\/wp-json\/wp\/v2\/media?parent=20633"}],"wp:term":[{"taxonomy":"category","embeddable":true,"href":"https:\/\/www.comunicatur.info\/es\/wp-json\/wp\/v2\/categories?post=20633"},{"taxonomy":"post_tag","embeddable":true,"href":"https:\/\/www.comunicatur.info\/es\/wp-json\/wp\/v2\/tags?post=20633"}],"curies":[{"name":"wp","href":"https:\/\/api.w.org\/{rel}","templated":true}]}}