{"id":20628,"date":"2022-06-28T00:00:52","date_gmt":"2022-06-27T22:00:52","guid":{"rendered":"https:\/\/www.comunicatur.info\/?p=20628"},"modified":"2022-06-27T17:12:39","modified_gmt":"2022-06-27T15:12:39","slug":"colapso-en-los-aeropuertos","status":"publish","type":"post","link":"https:\/\/www.comunicatur.info\/es\/colapso-en-los-aeropuertos\/","title":{"rendered":"Colapso en los aeropuertos"},"content":{"rendered":"<p>Los turistas que tengan previsto viajar en avi\u00f3n en los pr\u00f3ximos meses ya pueden prepararse para un verano de colas, retrasos, cancelaciones y huelgas.<\/p>\n<p>Los aeropuertos espa\u00f1oles, pero tambi\u00e9n los europeos, especialmente en el Reino Unido donde Heathrow ha llegado a pedir a las aerol\u00edneas que cancelen vuelos ante los problemas que sufre en la gesti\u00f3n de equipajes. En Espa\u00f1a las colas en los controles est\u00e1n provocando p\u00e9rdidas de vuelos y conexiones.<\/p>\n<p>En los aeropuertos espa\u00f1oles las cargas administrativas de control de pasaportes derivadas del Brexit est\u00e1n provocando colas interminables que en ocasiones alargan el proceso de acceso durante tres horas. Las agencias de viajes han advertido que en verano la situaci\u00f3n podr\u00eda ser peor y considera que el refuerzo de personal previsto en los aeropuertos ser\u00e1 insuficiente. Los turistas brit\u00e1nicos que llegan a Espa\u00f1a viven un aut\u00e9ntico colapso en los controles.<\/p>\n<p>Un verano de colapso aeroportuario genera un problema may\u00fasculo. Las aerol\u00edneas cancelando y reorganizando vuelos, las agencias viajes atendiendo a clientes y los turistas reclamando tras una mala experiencia que perjudica el disfrute de sus vacaciones.<\/p>\n","protected":false},"excerpt":{"rendered":"<p>Los turistas que tengan previsto viajar en avi\u00f3n en los pr\u00f3ximos meses ya pueden prepararse para un verano de colas, retrasos, cancelaciones y huelgas. Los aeropuertos espa\u00f1oles, pero tambi\u00e9n los europeos, especialmente en el Reino Unido donde Heathrow ha llegado a pedir a las aerol\u00edneas que cancelen vuelos ante los problemas que sufre en la &hellip;<\/p>\n","protected":false},"author":408,"featured_media":18374,"comment_status":"closed","ping_status":"open","sticky":false,"template":"","format":"standard","meta":[],"categories":[65],"tags":[],"_links":{"self":[{"href":"https:\/\/www.comunicatur.info\/es\/wp-json\/wp\/v2\/posts\/20628"}],"collection":[{"href":"https:\/\/www.comunicatur.info\/es\/wp-json\/wp\/v2\/posts"}],"about":[{"href":"https:\/\/www.comunicatur.info\/es\/wp-json\/wp\/v2\/types\/post"}],"author":[{"embeddable":true,"href":"https:\/\/www.comunicatur.info\/es\/wp-json\/wp\/v2\/users\/408"}],"replies":[{"embeddable":true,"href":"https:\/\/www.comunicatur.info\/es\/wp-json\/wp\/v2\/comments?post=20628"}],"version-history":[{"count":1,"href":"https:\/\/www.comunicatur.info\/es\/wp-json\/wp\/v2\/posts\/20628\/revisions"}],"predecessor-version":[{"id":20629,"href":"https:\/\/www.comunicatur.info\/es\/wp-json\/wp\/v2\/posts\/20628\/revisions\/20629"}],"wp:featuredmedia":[{"embeddable":true,"href":"https:\/\/www.comunicatur.info\/es\/wp-json\/wp\/v2\/media\/18374"}],"wp:attachment":[{"href":"https:\/\/www.comunicatur.info\/es\/wp-json\/wp\/v2\/media?parent=20628"}],"wp:term":[{"taxonomy":"category","embeddable":true,"href":"https:\/\/www.comunicatur.info\/es\/wp-json\/wp\/v2\/categories?post=20628"},{"taxonomy":"post_tag","embeddable":true,"href":"https:\/\/www.comunicatur.info\/es\/wp-json\/wp\/v2\/tags?post=20628"}],"curies":[{"name":"wp","href":"https:\/\/api.w.org\/{rel}","templated":true}]}}