{"id":20623,"date":"2022-06-27T00:00:58","date_gmt":"2022-06-26T22:00:58","guid":{"rendered":"https:\/\/www.comunicatur.info\/?p=20623"},"modified":"2022-06-26T17:07:36","modified_gmt":"2022-06-26T15:07:36","slug":"barcelona-aplica-medidas-de-control-de-la-masificacion-turistica","status":"publish","type":"post","link":"https:\/\/www.comunicatur.info\/es\/barcelona-aplica-medidas-de-control-de-la-masificacion-turistica\/","title":{"rendered":"Barcelona aplica medidas de control de la masificaci\u00f3n tur\u00edstica"},"content":{"rendered":"<p>Un decreto aprobado por el Ayuntamiento de Barcelona limitar\u00e1 a un m\u00e1ximo de 15 las personas que formen los grupos guiados de turistas en el barrio de Ciutat Vella que adem\u00e1s tendr\u00e1n que circular sin paradas. Tambi\u00e9n limita el n\u00famero de grupos que pueden coincidir en los espacios p\u00fablicos como plazas y espacios de inter\u00e9s tur\u00edstico.<\/p>\n<p>Entre las medidas que ha aprobado para evitar las molestias existe el establecimiento de un sentido \u00fanico de circulaci\u00f3n en algunos espacios donde consideran necesario intervenir para priorizar los usos vecinales. Tambi\u00e9n proh\u00edbe, en cualquier punto de la ciudad, que los gu\u00edas utilicen altavoces para dar las explicaciones.<\/p>\n<p>El ayuntamiento dice que este decreto viene precedido por un acuerdo de buenas pr\u00e1cticas con las asociaciones de gu\u00edas oficiales. Quieren as\u00ed identificar y \u201caislar a aquellos grupos tur\u00edsticos que act\u00faen sin cuidar Ciutat Vella\u201d.<\/p>\n<p>En paralelo a la aprobaci\u00f3n del decreto, el ayuntamiento ha puesto el ojo en unos sensores que analizan en tiempo real la concentraci\u00f3n y los flujos de personas en los espacios p\u00fablicos. Se trata de un proyecto que ha ganado un concurso que busca soluciones para avanzar hacia un turismo sostenible. Ahora financiar\u00e1n la idea para que desarrollen un piloto que pueda implementarse.<\/p>\n<p>El incumplimiento del decreto municipal puesto a exposici\u00f3n p\u00fablica y alegaciones comporta sanciones de 1.500 euros y hasta 3.000 euros en caso de reincidencia. Fuentes municipales prev\u00e9n que entre en vigor previsiblemente en unos treinta d\u00edas.<\/p>\n","protected":false},"excerpt":{"rendered":"<p>Un decreto aprobado por el Ayuntamiento de Barcelona limitar\u00e1 a un m\u00e1ximo de 15 las personas que formen los grupos guiados de turistas en el barrio de Ciutat Vella que adem\u00e1s tendr\u00e1n que circular sin paradas. Tambi\u00e9n limita el n\u00famero de grupos que pueden coincidir en los espacios p\u00fablicos como plazas y espacios de inter\u00e9s &hellip;<\/p>\n","protected":false},"author":408,"featured_media":19415,"comment_status":"closed","ping_status":"open","sticky":false,"template":"","format":"standard","meta":[],"categories":[62],"tags":[],"_links":{"self":[{"href":"https:\/\/www.comunicatur.info\/es\/wp-json\/wp\/v2\/posts\/20623"}],"collection":[{"href":"https:\/\/www.comunicatur.info\/es\/wp-json\/wp\/v2\/posts"}],"about":[{"href":"https:\/\/www.comunicatur.info\/es\/wp-json\/wp\/v2\/types\/post"}],"author":[{"embeddable":true,"href":"https:\/\/www.comunicatur.info\/es\/wp-json\/wp\/v2\/users\/408"}],"replies":[{"embeddable":true,"href":"https:\/\/www.comunicatur.info\/es\/wp-json\/wp\/v2\/comments?post=20623"}],"version-history":[{"count":1,"href":"https:\/\/www.comunicatur.info\/es\/wp-json\/wp\/v2\/posts\/20623\/revisions"}],"predecessor-version":[{"id":20624,"href":"https:\/\/www.comunicatur.info\/es\/wp-json\/wp\/v2\/posts\/20623\/revisions\/20624"}],"wp:featuredmedia":[{"embeddable":true,"href":"https:\/\/www.comunicatur.info\/es\/wp-json\/wp\/v2\/media\/19415"}],"wp:attachment":[{"href":"https:\/\/www.comunicatur.info\/es\/wp-json\/wp\/v2\/media?parent=20623"}],"wp:term":[{"taxonomy":"category","embeddable":true,"href":"https:\/\/www.comunicatur.info\/es\/wp-json\/wp\/v2\/categories?post=20623"},{"taxonomy":"post_tag","embeddable":true,"href":"https:\/\/www.comunicatur.info\/es\/wp-json\/wp\/v2\/tags?post=20623"}],"curies":[{"name":"wp","href":"https:\/\/api.w.org\/{rel}","templated":true}]}}