{"id":20600,"date":"2022-06-22T13:33:00","date_gmt":"2022-06-22T11:33:00","guid":{"rendered":"https:\/\/www.comunicatur.info\/?p=20600"},"modified":"2022-06-22T13:33:00","modified_gmt":"2022-06-22T11:33:00","slug":"nuevo-embrollo-juridico-con-las-viviendas-turisticas-en-cataluna","status":"publish","type":"post","link":"https:\/\/www.comunicatur.info\/es\/nuevo-embrollo-juridico-con-las-viviendas-turisticas-en-cataluna\/","title":{"rendered":"Nuevo embrollo jur\u00eddico con las viviendas tur\u00edsticas en Catalu\u00f1a"},"content":{"rendered":"<p>Una sentencia del Tribunal Superior de Justicia de Catalu\u00f1a (TSJC) anula el art\u00edculo 241 del Decret 75\/2020 de turisme de Catalunya en el que se regula la actividad de alquiler de habitaciones. Se trata de una reclamaci\u00f3n que realizaron la asociaci\u00f3n de propietarios que alquilan habitaciones a turistas en sus domicilios particulares.<\/p>\n<p>Para la Asociaci\u00f3n de Vecinos y Anfitriones se trata de un \u201cfallo judicial hist\u00f3rico\u201d aunque la Generalitat de Catalunya y el Ayuntamiento de Barcelona \u2013ciudad en la que se concentra esta modalidad casi en exclusiva- afirman que la sentencia no es firme y por tanto a\u00fan no tiene aplicaci\u00f3n efectiva. A\u00f1aden que el TSJC ha tomado la decisi\u00f3n por un defecto formal en el procedimiento de aprobaci\u00f3n, pero no por el fondo de la regulaci\u00f3n. Anuncian que presentar\u00e1n recurso y defienden que la vivienda debe estar debidamente habilitada y la persona titular debe residir en la vivienda mientras dura la estancia.<\/p>\n<p>As\u00ed pues, se desconoce las consecuencias de esta anulaci\u00f3n. Los propietarios quieren que se pueda ejercer su actividad este verano sin las restricciones que marcaba el Decreto anulado por el Tribunal y la administraci\u00f3n dice que todo sigue igual.<\/p>\n<p>El abogado de la asociaci\u00f3n de propietarios que interpuso la reclamaci\u00f3n al TSJC ha declarado que en caso de que las administraciones sancionen a los propietarios bas\u00e1ndose en la normativa anulada reclamaran el importe de las multas.<\/p>\n<p>El art\u00edculo 241 define como hogar compartido de alojamiento tur\u00edstico la vivienda principal y residencia efectiva de la persona titular y que se comparte como servicio de alojamiento con terceras personas a cambio de contraprestaci\u00f3n econ\u00f3mica y para una estancia de temporada (por un per\u00edodo de tiempo continuo igual o inferior a 31 d\u00edas).<\/p>\n","protected":false},"excerpt":{"rendered":"<p>Una sentencia del Tribunal Superior de Justicia de Catalu\u00f1a (TSJC) anula el art\u00edculo 241 del Decret 75\/2020 de turisme de Catalunya en el que se regula la actividad de alquiler de habitaciones. Se trata de una reclamaci\u00f3n que realizaron la asociaci\u00f3n de propietarios que alquilan habitaciones a turistas en sus domicilios particulares. Para la Asociaci\u00f3n &hellip;<\/p>\n","protected":false},"author":408,"featured_media":19078,"comment_status":"closed","ping_status":"open","sticky":false,"template":"","format":"standard","meta":[],"categories":[59],"tags":[],"_links":{"self":[{"href":"https:\/\/www.comunicatur.info\/es\/wp-json\/wp\/v2\/posts\/20600"}],"collection":[{"href":"https:\/\/www.comunicatur.info\/es\/wp-json\/wp\/v2\/posts"}],"about":[{"href":"https:\/\/www.comunicatur.info\/es\/wp-json\/wp\/v2\/types\/post"}],"author":[{"embeddable":true,"href":"https:\/\/www.comunicatur.info\/es\/wp-json\/wp\/v2\/users\/408"}],"replies":[{"embeddable":true,"href":"https:\/\/www.comunicatur.info\/es\/wp-json\/wp\/v2\/comments?post=20600"}],"version-history":[{"count":1,"href":"https:\/\/www.comunicatur.info\/es\/wp-json\/wp\/v2\/posts\/20600\/revisions"}],"predecessor-version":[{"id":20601,"href":"https:\/\/www.comunicatur.info\/es\/wp-json\/wp\/v2\/posts\/20600\/revisions\/20601"}],"wp:featuredmedia":[{"embeddable":true,"href":"https:\/\/www.comunicatur.info\/es\/wp-json\/wp\/v2\/media\/19078"}],"wp:attachment":[{"href":"https:\/\/www.comunicatur.info\/es\/wp-json\/wp\/v2\/media?parent=20600"}],"wp:term":[{"taxonomy":"category","embeddable":true,"href":"https:\/\/www.comunicatur.info\/es\/wp-json\/wp\/v2\/categories?post=20600"},{"taxonomy":"post_tag","embeddable":true,"href":"https:\/\/www.comunicatur.info\/es\/wp-json\/wp\/v2\/tags?post=20600"}],"curies":[{"name":"wp","href":"https:\/\/api.w.org\/{rel}","templated":true}]}}