{"id":20566,"date":"2022-06-14T00:00:59","date_gmt":"2022-06-13T22:00:59","guid":{"rendered":"https:\/\/www.comunicatur.info\/?p=20566"},"modified":"2022-06-13T18:32:18","modified_gmt":"2022-06-13T16:32:18","slug":"aterrizaje-de-emergencia-con-el-capitan-en-el-bano-y-huelga-en-las-lowcost","status":"publish","type":"post","link":"https:\/\/www.comunicatur.info\/es\/aterrizaje-de-emergencia-con-el-capitan-en-el-bano-y-huelga-en-las-lowcost\/","title":{"rendered":"Aterrizaje de emergencia con el capit\u00e1n en el ba\u00f1o y huelga en las lowcost"},"content":{"rendered":"<p>Las compa\u00f1\u00edas a\u00e9reas de bajo coste acumulan noticias de alcance en pleno mes de junio. Por un lado, una aeronave de easyJet a punto de vivir un desastre y Ryanair preparada para infringir a sus clientes seis jornadas de huelga en los d\u00edas de m\u00e1s actividad.<\/p>\n<p>En el caso de easyJet, el vuelo EZY6938 que realizaba la ruta Creta &#8211; Edimburgo se vio forzado a realizar un aterrizaje de emergencia en el aeropuerto de la capital escocesa en la madrugada del 12 de junio. Durante el vuelo el capit\u00e1n se encontr\u00f3 indispuesto y acudi\u00f3 al ba\u00f1o dejando a su copiloto como m\u00e1ximo responsable de la aeronave. Los pasajeros han declarado que vieron como el capit\u00e1n entraba en el ba\u00f1o, pero ya no lo vieron salir.<\/p>\n<p>Ante esta ausencia, los mandos del avi\u00f3n de la compa\u00f1\u00eda de bajo coste quedaron en manos del copiloto quien solicit\u00f3 a la torre de control que activar\u00e1 los protocolos para un aterrizaje de emergencia. Este primer oficial fue el encargado de realizar la maniobra de aproximaci\u00f3n y aterrizaje en una pista a la que acudieron varios camiones de bomberos y ambulancias. El avi\u00f3n tom\u00f3 tierra sin m\u00e1s problemas y todo qued\u00f3 en un susto.<\/p>\n<h4>Huelga en Ryanair en la operaci\u00f3n salida<\/h4>\n<p>Los tripulantes de cabina de Ryanair exigen retomar las negociaciones del convenio de la compa\u00f1\u00eda y cerrar un acuerdo tras ocho meses de reuniones. Los sindicatos han convocado seis jornadas completas de huelga para los d\u00edas 24, 25, 26 y 30 de junio y 1 y 2 de julio. Los paros de 24h se llevar\u00e1n a cabo en la decena de bases que tiene la aerol\u00ednea en territorio espa\u00f1ol: Madrid, Barcelona, Girona, M\u00e1laga, Sevilla, Alicante, Palma, Ibiza, Valencia y Santiago de Compostela.<\/p>\n<p>Los sindicatos explican que el malestar de los tripulantes de cabina de la bajo coste irlandesa es generalizado. Y prev\u00e9n que otras bases europeas convoquen paros similares en otros pa\u00edses en otras fechas. El panorama que dibuja la compa\u00f1\u00eda para sus pasajeros este verano no es muy tranquilizador.<\/p>\n","protected":false},"excerpt":{"rendered":"<p>Las compa\u00f1\u00edas a\u00e9reas de bajo coste acumulan noticias de alcance en pleno mes de junio. Por un lado, una aeronave de easyJet a punto de vivir un desastre y Ryanair preparada para infringir a sus clientes seis jornadas de huelga en los d\u00edas de m\u00e1s actividad. En el caso de easyJet, el vuelo EZY6938 que &hellip;<\/p>\n","protected":false},"author":408,"featured_media":20563,"comment_status":"closed","ping_status":"open","sticky":false,"template":"","format":"standard","meta":[],"categories":[65],"tags":[],"_links":{"self":[{"href":"https:\/\/www.comunicatur.info\/es\/wp-json\/wp\/v2\/posts\/20566"}],"collection":[{"href":"https:\/\/www.comunicatur.info\/es\/wp-json\/wp\/v2\/posts"}],"about":[{"href":"https:\/\/www.comunicatur.info\/es\/wp-json\/wp\/v2\/types\/post"}],"author":[{"embeddable":true,"href":"https:\/\/www.comunicatur.info\/es\/wp-json\/wp\/v2\/users\/408"}],"replies":[{"embeddable":true,"href":"https:\/\/www.comunicatur.info\/es\/wp-json\/wp\/v2\/comments?post=20566"}],"version-history":[{"count":2,"href":"https:\/\/www.comunicatur.info\/es\/wp-json\/wp\/v2\/posts\/20566\/revisions"}],"predecessor-version":[{"id":20568,"href":"https:\/\/www.comunicatur.info\/es\/wp-json\/wp\/v2\/posts\/20566\/revisions\/20568"}],"wp:featuredmedia":[{"embeddable":true,"href":"https:\/\/www.comunicatur.info\/es\/wp-json\/wp\/v2\/media\/20563"}],"wp:attachment":[{"href":"https:\/\/www.comunicatur.info\/es\/wp-json\/wp\/v2\/media?parent=20566"}],"wp:term":[{"taxonomy":"category","embeddable":true,"href":"https:\/\/www.comunicatur.info\/es\/wp-json\/wp\/v2\/categories?post=20566"},{"taxonomy":"post_tag","embeddable":true,"href":"https:\/\/www.comunicatur.info\/es\/wp-json\/wp\/v2\/tags?post=20566"}],"curies":[{"name":"wp","href":"https:\/\/api.w.org\/{rel}","templated":true}]}}