{"id":20541,"date":"2022-06-08T00:00:25","date_gmt":"2022-06-07T22:00:25","guid":{"rendered":"https:\/\/www.comunicatur.info\/?p=20541"},"modified":"2022-06-07T19:14:44","modified_gmt":"2022-06-07T17:14:44","slug":"los-hoteles-se-ven-atrapados-con-los-precios-del-imserso","status":"publish","type":"post","link":"https:\/\/www.comunicatur.info\/es\/los-hoteles-se-ven-atrapados-con-los-precios-del-imserso\/","title":{"rendered":"Los hoteles se ven atrapados con los precios del Imserso"},"content":{"rendered":"<p>El sector tur\u00edstico critica la nueva temporada de los viajes del Imserso porque pr\u00e1cticamente congela los precios sin tener en cuenta el encarecimiento del IPC que afecta a la estructura de costes de los hoteles.<\/p>\n<p>El Gobierno ha explicado que ofrece 820.000 plazas que se comenzar\u00e1n a comercializar en septiembre para realizar los viajes a finales de octubre y hasta junio de 2023. Cuatro millones de pensionistas que ya est\u00e1n inscritas como beneficiarias del programa empezar\u00e1n a recibir la informaci\u00f3n de la nueva convocatoria. El n\u00famero de plazas podr\u00eda aumentarse si existe una demanda creciente.<\/p>\n<p>Los hoteleros han lanzado duras cr\u00edticas contra el Ministerio de Derechos Sociales porque calculan que tal y como se ha presentado el programa les corresponden 22 euros netos por cliente y d\u00eda en r\u00e9gimen de media pensi\u00f3n. \u00a0Sin una actualizaci\u00f3n de precios que se adecue a la nueva realidad de coste de la energ\u00eda o costes laborales de las empresas, por ejemplo, la patronal asegura que el sector est\u00e1 \u201ccondenado a la ruina\u201d.<\/p>\n<p>En algunos destinos como la Comunidad Valenciana prev\u00e9n que algunos establecimientos no concurran a este programa de vacaciones para mayores para no trabajar en p\u00e9rdidas. Piden que se actualicen las condiciones para que el precio est\u00e9 dentro de mercado y sea rentable.<\/p>\n","protected":false},"excerpt":{"rendered":"<p>El sector tur\u00edstico critica la nueva temporada de los viajes del Imserso porque pr\u00e1cticamente congela los precios sin tener en cuenta el encarecimiento del IPC que afecta a la estructura de costes de los hoteles. El Gobierno ha explicado que ofrece 820.000 plazas que se comenzar\u00e1n a comercializar en septiembre para realizar los viajes a &hellip;<\/p>\n","protected":false},"author":408,"featured_media":20538,"comment_status":"closed","ping_status":"open","sticky":false,"template":"","format":"standard","meta":[],"categories":[59],"tags":[],"_links":{"self":[{"href":"https:\/\/www.comunicatur.info\/es\/wp-json\/wp\/v2\/posts\/20541"}],"collection":[{"href":"https:\/\/www.comunicatur.info\/es\/wp-json\/wp\/v2\/posts"}],"about":[{"href":"https:\/\/www.comunicatur.info\/es\/wp-json\/wp\/v2\/types\/post"}],"author":[{"embeddable":true,"href":"https:\/\/www.comunicatur.info\/es\/wp-json\/wp\/v2\/users\/408"}],"replies":[{"embeddable":true,"href":"https:\/\/www.comunicatur.info\/es\/wp-json\/wp\/v2\/comments?post=20541"}],"version-history":[{"count":2,"href":"https:\/\/www.comunicatur.info\/es\/wp-json\/wp\/v2\/posts\/20541\/revisions"}],"predecessor-version":[{"id":20543,"href":"https:\/\/www.comunicatur.info\/es\/wp-json\/wp\/v2\/posts\/20541\/revisions\/20543"}],"wp:featuredmedia":[{"embeddable":true,"href":"https:\/\/www.comunicatur.info\/es\/wp-json\/wp\/v2\/media\/20538"}],"wp:attachment":[{"href":"https:\/\/www.comunicatur.info\/es\/wp-json\/wp\/v2\/media?parent=20541"}],"wp:term":[{"taxonomy":"category","embeddable":true,"href":"https:\/\/www.comunicatur.info\/es\/wp-json\/wp\/v2\/categories?post=20541"},{"taxonomy":"post_tag","embeddable":true,"href":"https:\/\/www.comunicatur.info\/es\/wp-json\/wp\/v2\/tags?post=20541"}],"curies":[{"name":"wp","href":"https:\/\/api.w.org\/{rel}","templated":true}]}}