{"id":20502,"date":"2022-06-02T00:00:22","date_gmt":"2022-06-01T22:00:22","guid":{"rendered":"https:\/\/www.comunicatur.info\/?p=20502"},"modified":"2022-06-01T15:57:36","modified_gmt":"2022-06-01T13:57:36","slug":"falta-de-personal-por","status":"publish","type":"post","link":"https:\/\/www.comunicatur.info\/es\/falta-de-personal-por\/","title":{"rendered":"Falta de personal por\u2026"},"content":{"rendered":"<p>La mano de obra en el sector de la hosteler\u00eda y la restauraci\u00f3n escasea. Los empresarios han advertido de la situaci\u00f3n, pero las causas de esta falta de personal no son nuevas. \u00bfpor qu\u00e9 no se cubren las plantillas?<\/p>\n<p>Cuando llega el verano el sector tur\u00edstico aumenta plantillas y cubre con personal temporal las necesidades para el trimestre m\u00e1s importante del a\u00f1o. Los restauradores siempre han tenido problemas para completar el equipo de camareros, pero ahora otros subsectores tur\u00edsticos se han sumado a esta escasez. La causa es end\u00e9mica, los salarios bajos, la estacionalidad y la precariedad general no hacen atractivo estos empleos.<\/p>\n<p>Los empresarios no quieren o\u00edr hablar de sueldos precarios y se defienden asegurando que pagan seg\u00fan convenio y ajust\u00e1ndolos para hacer viables los negocios. Los sindicatos describen otra cosa diferente. La realidad es que las cifras de vacantes de este 2022 son hist\u00f3ricas en un pa\u00eds con una tasa de paro de dos d\u00edgitos. Hasta 100.000 puestos de la hosteler\u00eda no se pueden cubrir este a\u00f1o.<\/p>\n<p>El hecho de que una parte muy significativa de los trabajadores sean de origen extranjero o inmigrante denota una estratificaci\u00f3n clara de las caracter\u00edsticas laborales de estos puestos de trabajo. En muchos casos de baja cualificaci\u00f3n profesional ya que tres cuartas partes de los trabajadores no tienen ninguna formaci\u00f3n espec\u00edfica en hosteler\u00eda.<\/p>\n<p>Con personal no formado la calidad del servicio se resiente, un servicio de bajo nivel tiene un precio limitado que acaba repercutiendo en las cuentas de los negocios. As\u00ed que el futuro pasa por dar valor a esta profesi\u00f3n, incentivando la formaci\u00f3n de los futuros trabajadores, y mejorar salarios a niveles alejados de la precariedad.<\/p>\n","protected":false},"excerpt":{"rendered":"<p>La mano de obra en el sector de la hosteler\u00eda y la restauraci\u00f3n escasea. Los empresarios han advertido de la situaci\u00f3n, pero las causas de esta falta de personal no son nuevas. \u00bfpor qu\u00e9 no se cubren las plantillas? Cuando llega el verano el sector tur\u00edstico aumenta plantillas y cubre con personal temporal las necesidades &hellip;<\/p>\n","protected":false},"author":408,"featured_media":19327,"comment_status":"closed","ping_status":"open","sticky":false,"template":"","format":"standard","meta":[],"categories":[61],"tags":[],"_links":{"self":[{"href":"https:\/\/www.comunicatur.info\/es\/wp-json\/wp\/v2\/posts\/20502"}],"collection":[{"href":"https:\/\/www.comunicatur.info\/es\/wp-json\/wp\/v2\/posts"}],"about":[{"href":"https:\/\/www.comunicatur.info\/es\/wp-json\/wp\/v2\/types\/post"}],"author":[{"embeddable":true,"href":"https:\/\/www.comunicatur.info\/es\/wp-json\/wp\/v2\/users\/408"}],"replies":[{"embeddable":true,"href":"https:\/\/www.comunicatur.info\/es\/wp-json\/wp\/v2\/comments?post=20502"}],"version-history":[{"count":1,"href":"https:\/\/www.comunicatur.info\/es\/wp-json\/wp\/v2\/posts\/20502\/revisions"}],"predecessor-version":[{"id":20503,"href":"https:\/\/www.comunicatur.info\/es\/wp-json\/wp\/v2\/posts\/20502\/revisions\/20503"}],"wp:featuredmedia":[{"embeddable":true,"href":"https:\/\/www.comunicatur.info\/es\/wp-json\/wp\/v2\/media\/19327"}],"wp:attachment":[{"href":"https:\/\/www.comunicatur.info\/es\/wp-json\/wp\/v2\/media?parent=20502"}],"wp:term":[{"taxonomy":"category","embeddable":true,"href":"https:\/\/www.comunicatur.info\/es\/wp-json\/wp\/v2\/categories?post=20502"},{"taxonomy":"post_tag","embeddable":true,"href":"https:\/\/www.comunicatur.info\/es\/wp-json\/wp\/v2\/tags?post=20502"}],"curies":[{"name":"wp","href":"https:\/\/api.w.org\/{rel}","templated":true}]}}