{"id":20474,"date":"2022-05-30T00:00:08","date_gmt":"2022-05-29T22:00:08","guid":{"rendered":"https:\/\/www.comunicatur.info\/?p=20474"},"modified":"2022-05-29T20:49:38","modified_gmt":"2022-05-29T18:49:38","slug":"la-diputacion-de-barcelona-y-renfe-apuestan-por-la-movilidad-ferroviaria-de-los-sectores-mice-culturales-y-deportivos","status":"publish","type":"post","link":"https:\/\/www.comunicatur.info\/es\/la-diputacion-de-barcelona-y-renfe-apuestan-por-la-movilidad-ferroviaria-de-los-sectores-mice-culturales-y-deportivos\/","title":{"rendered":"Apuesta por la movilidad ferroviaria de los sectores MICE, culturales y deportivos"},"content":{"rendered":"<p><strong>La presidenta de la Diputaci\u00f3n de Barcelona, N\u00faria Mar\u00edn, y el presidente de Renfe,<\/strong> <strong>Isa\u00edas T\u00e1boas<\/strong>, han firmado un acuerdo de colaboraci\u00f3n para difundir los atractivos tur\u00edsticos de la provincia de Barcelona, con la sostenibilidad que representa la movilidad en ferrocarril.<\/p>\n<p>Promover las comarcas de Barcelona como destino MICE (congresos, convenciones, reuniones, incentivos), acontecimientos culturales y deportivos es el objetivo que persigue este acuerdo que tiene como base una movilidad m\u00e1s sostenible y cohesionada con el territorio y que ayude al desarrollo econ\u00f3mico.<\/p>\n<p>La promoci\u00f3n se har\u00e1 <strong>a trav\u00e9s de descuentos para los participantes de los acontecimientos acordados, que utilicen los diversos servicios de Renfe (AVE, Avlo, Media Distancia y Rodalies) como modo de transporte prioritario.<\/strong><\/p>\n<figure id=\"attachment_20470\" aria-describedby=\"caption-attachment-20470\" style=\"width: 300px\" class=\"wp-caption alignright\"><img class=\"wp-image-20470 size-medium\" src=\"https:\/\/www.comunicatur.info\/wp-content\/uploads\/2022\/05\/Renfe_alta_3-300x184.jpg\" alt=\"\" width=\"300\" height=\"184\" srcset=\"https:\/\/www.comunicatur.info\/wp-content\/uploads\/2022\/05\/Renfe_alta_3-300x184.jpg 300w, https:\/\/www.comunicatur.info\/wp-content\/uploads\/2022\/05\/Renfe_alta_3-1024x627.jpg 1024w, https:\/\/www.comunicatur.info\/wp-content\/uploads\/2022\/05\/Renfe_alta_3-768x470.jpg 768w, https:\/\/www.comunicatur.info\/wp-content\/uploads\/2022\/05\/Renfe_alta_3-600x367.jpg 600w, https:\/\/www.comunicatur.info\/wp-content\/uploads\/2022\/05\/Renfe_alta_3.jpg 1181w\" sizes=\"(max-width: 300px) 100vw, 300px\" \/><figcaption id=\"caption-attachment-20470\" class=\"wp-caption-text\">La presidenta de la Diputaci\u00f3n de Barcelona, N\u00faria Mar\u00edn, el presidente de Renfe, Isa\u00edas T\u00e1boas y la alcaldesa de Vilanova i la Geltr\u00fa, Olga Arnau Foto: \u00d2scar Ferrer \/ Diputaci\u00f3n de Barcelona<\/figcaption><\/figure>\n<p>Adem\u00e1s Renfe ofrecer\u00e1 diferentes tipos de descuentos a los asistentes y expositores de todas las actividades llevadas a cabo para la promoci\u00f3n del turismo de congresos y convenciones. El convenio firmado, no obstante, no se limita a estos sectores, puesto que <strong>tambi\u00e9n se impulsar\u00e1 el desarrollo de productos tur\u00edsticos (escapadas o paquetes vacacionales) que incorporen desplazamiento ferroviario en colaboraci\u00f3n con agencias receptivas y empresas miembros<\/strong> <strong>del C\u00edrculo de Turismo de la Diputaci\u00f3n de Barcelona,<\/strong> que aglutina m\u00e1s de 440 empresas, entes p\u00fablicos y destinos tur\u00edsticos de la provincia de Barcelona. Finalmente, tambi\u00e9n se acord\u00f3 hacer campa\u00f1as de comunicaci\u00f3n conjuntas.<\/p>\n<p>El convenio entre la Diputaci\u00f3n de Barcelona y Renfe tuvo lugar en el emblem\u00e1tico Museo del Ferrocarril de Catalunya de Vilanova i la Geltr\u00fa y durante el acto protocolario, <strong>N\u00faria Mar\u00edn<\/strong> dijo que <em>\u00abel convenio nos ayudar\u00e1 a ampliar el conocimiento de la oferta tur\u00edstica de la provincia de Barcelona y potenciar\u00e1 la reactivaci\u00f3n econ\u00f3mica, tur\u00edstica y social del territorio\u00bb.<\/em><\/p>\n","protected":false},"excerpt":{"rendered":"<p>La presidenta de la Diputaci\u00f3n de Barcelona, N\u00faria Mar\u00edn, y el presidente de Renfe, Isa\u00edas T\u00e1boas, han firmado un acuerdo de colaboraci\u00f3n para difundir los atractivos tur\u00edsticos de la provincia de Barcelona, con la sostenibilidad que representa la movilidad en ferrocarril. Promover las comarcas de Barcelona como destino MICE (congresos, convenciones, reuniones, incentivos), acontecimientos culturales &hellip;<\/p>\n","protected":false},"author":408,"featured_media":20468,"comment_status":"closed","ping_status":"open","sticky":false,"template":"","format":"standard","meta":[],"categories":[62],"tags":[],"_links":{"self":[{"href":"https:\/\/www.comunicatur.info\/es\/wp-json\/wp\/v2\/posts\/20474"}],"collection":[{"href":"https:\/\/www.comunicatur.info\/es\/wp-json\/wp\/v2\/posts"}],"about":[{"href":"https:\/\/www.comunicatur.info\/es\/wp-json\/wp\/v2\/types\/post"}],"author":[{"embeddable":true,"href":"https:\/\/www.comunicatur.info\/es\/wp-json\/wp\/v2\/users\/408"}],"replies":[{"embeddable":true,"href":"https:\/\/www.comunicatur.info\/es\/wp-json\/wp\/v2\/comments?post=20474"}],"version-history":[{"count":2,"href":"https:\/\/www.comunicatur.info\/es\/wp-json\/wp\/v2\/posts\/20474\/revisions"}],"predecessor-version":[{"id":20477,"href":"https:\/\/www.comunicatur.info\/es\/wp-json\/wp\/v2\/posts\/20474\/revisions\/20477"}],"wp:featuredmedia":[{"embeddable":true,"href":"https:\/\/www.comunicatur.info\/es\/wp-json\/wp\/v2\/media\/20468"}],"wp:attachment":[{"href":"https:\/\/www.comunicatur.info\/es\/wp-json\/wp\/v2\/media?parent=20474"}],"wp:term":[{"taxonomy":"category","embeddable":true,"href":"https:\/\/www.comunicatur.info\/es\/wp-json\/wp\/v2\/categories?post=20474"},{"taxonomy":"post_tag","embeddable":true,"href":"https:\/\/www.comunicatur.info\/es\/wp-json\/wp\/v2\/tags?post=20474"}],"curies":[{"name":"wp","href":"https:\/\/api.w.org\/{rel}","templated":true}]}}