{"id":20464,"date":"2022-05-27T00:00:53","date_gmt":"2022-05-26T22:00:53","guid":{"rendered":"https:\/\/www.comunicatur.info\/?p=20464"},"modified":"2022-05-26T16:39:33","modified_gmt":"2022-05-26T14:39:33","slug":"el-mayor-cambio-de-airbnb-en-la-ultima-decada","status":"publish","type":"post","link":"https:\/\/www.comunicatur.info\/es\/el-mayor-cambio-de-airbnb-en-la-ultima-decada\/","title":{"rendered":"El mayor cambio de Airbnb en la \u00faltima d\u00e9cada"},"content":{"rendered":"<p><strong>\u201cLa forma en que la gente viaja ha cambiado para siempre. Por eso estamos introduciendo el mayor cambio en Airbnb en una d\u00e9cada\u201d<\/strong>, ha afirmado Brian Chesky, CEO and Co-Fundador de Airbnb. Con esta frase tan elocuente el alto directivo ha justificado su nueva estrategia de b\u00fasqueda de alojamiento.<\/p>\n<p>Este verano lanza esta nueva forma de encontrar los alojamientos dise\u00f1ada en torno a las Categor\u00edas de Airbnb. La empresa dice que se reconvierte en una nueva Airbnb para una nueva forma de viajar. Introduce nuevas funciones como la de Estancias combinadas que permite reservar dos alojamientos durante una estancia larga en un mismo viaje, o la AirCover para hu\u00e9spedes que les ofrece confianza y garant\u00edas de forma gratuita en las reservas de alojamientos.<\/p>\n<p>La nueva forma de explorar las categor\u00edas de Airbnb var\u00eda de forma \u201cinteligente\u201d seg\u00fan la funci\u00f3n que el cliente est\u00e9 realizando y las caracter\u00edsticas particulares de cada vivienda que hacen que sea \u00fanica. La plataforma explica que evalu\u00f3 millones de viviendas a trav\u00e9s del aprendizaje autom\u00e1tico para analizar los t\u00edtulos, las descripciones, los pies de foto, la informaci\u00f3n de los anfitriones y las opiniones de los hu\u00e9spedes. M\u00e1s de 4 millones de alojamientos \u00fanicos se distribuyen entre las 56 categor\u00edas creadas por la pltaforma.<\/p>\n<p>Con esta nueva organizaci\u00f3n de los alojamientos Airbnb asegura que <strong>\u201cayuda a los usuarios a descubrir lugares que no hubieran encontrado de otra manera\u201d<\/strong> y que esto <strong>\u201cpuede aliviar la concentraci\u00f3n de turismo en algunos destinos y redistribuir los viajes a lugares nuevos, m\u00e1s all\u00e1 de los t\u00edpicos destinos\u201d<\/strong>.<\/p>\n","protected":false},"excerpt":{"rendered":"<p>\u201cLa forma en que la gente viaja ha cambiado para siempre. Por eso estamos introduciendo el mayor cambio en Airbnb en una d\u00e9cada\u201d, ha afirmado Brian Chesky, CEO and Co-Fundador de Airbnb. Con esta frase tan elocuente el alto directivo ha justificado su nueva estrategia de b\u00fasqueda de alojamiento. Este verano lanza esta nueva forma &hellip;<\/p>\n","protected":false},"author":408,"featured_media":20462,"comment_status":"closed","ping_status":"open","sticky":false,"template":"","format":"standard","meta":[],"categories":[66],"tags":[],"_links":{"self":[{"href":"https:\/\/www.comunicatur.info\/es\/wp-json\/wp\/v2\/posts\/20464"}],"collection":[{"href":"https:\/\/www.comunicatur.info\/es\/wp-json\/wp\/v2\/posts"}],"about":[{"href":"https:\/\/www.comunicatur.info\/es\/wp-json\/wp\/v2\/types\/post"}],"author":[{"embeddable":true,"href":"https:\/\/www.comunicatur.info\/es\/wp-json\/wp\/v2\/users\/408"}],"replies":[{"embeddable":true,"href":"https:\/\/www.comunicatur.info\/es\/wp-json\/wp\/v2\/comments?post=20464"}],"version-history":[{"count":1,"href":"https:\/\/www.comunicatur.info\/es\/wp-json\/wp\/v2\/posts\/20464\/revisions"}],"predecessor-version":[{"id":20465,"href":"https:\/\/www.comunicatur.info\/es\/wp-json\/wp\/v2\/posts\/20464\/revisions\/20465"}],"wp:featuredmedia":[{"embeddable":true,"href":"https:\/\/www.comunicatur.info\/es\/wp-json\/wp\/v2\/media\/20462"}],"wp:attachment":[{"href":"https:\/\/www.comunicatur.info\/es\/wp-json\/wp\/v2\/media?parent=20464"}],"wp:term":[{"taxonomy":"category","embeddable":true,"href":"https:\/\/www.comunicatur.info\/es\/wp-json\/wp\/v2\/categories?post=20464"},{"taxonomy":"post_tag","embeddable":true,"href":"https:\/\/www.comunicatur.info\/es\/wp-json\/wp\/v2\/tags?post=20464"}],"curies":[{"name":"wp","href":"https:\/\/api.w.org\/{rel}","templated":true}]}}