{"id":20449,"date":"2022-05-25T00:00:55","date_gmt":"2022-05-24T22:00:55","guid":{"rendered":"https:\/\/www.comunicatur.info\/?p=20449"},"modified":"2022-05-25T09:30:14","modified_gmt":"2022-05-25T07:30:14","slug":"portaventura-world-cambia-su-estrategia-hotelera","status":"publish","type":"post","link":"https:\/\/www.comunicatur.info\/es\/portaventura-world-cambia-su-estrategia-hotelera\/","title":{"rendered":"PortAventura World cambia su estrategia hotelera"},"content":{"rendered":"<p>El resort PortAventura World gestionar\u00e1 el Hotel Atenea Aventura, ubicado en Vila-seca. Con la compra de este hotel ampl\u00eda su oferta de alojamientos vinculados al parque tem\u00e1tico, aunque esta vez fuera del per\u00edmetro del complejo.<\/p>\n<p>Esta operaci\u00f3n de crecimiento de la oferta m\u00e1s all\u00e1 del per\u00edmetro del parque supone un nuevo modelo de gesti\u00f3n hotelera del resort. Seg\u00fan ha informado PortAventura, <strong><em>\u201cesta acci\u00f3n se enmarca dentro de la estrategia de innovaci\u00f3n y diversificaci\u00f3n y ser\u00e1 la primera de una serie de operaciones selectivas que proyecta la compa\u00f1\u00eda en otros hoteles de la zona, impulsando su crecimiento de forma inorg\u00e1nica\u201d.<\/em><\/strong><\/p>\n<p>El Hotel Atenea Aventura, de cuatro estrellas, est\u00e1 ubicado a menos de dos kil\u00f3metros del resort. Es la primera vez, y por lo que parece no ser\u00e1 la \u00fanica, que gestionar\u00e1 y administrar\u00e1 la operativa de un alojamiento externo. La decisi\u00f3n es fruto de la estrategia de crecimiento y diversificaci\u00f3n de la compa\u00f1\u00eda para los pr\u00f3ximos a\u00f1os.<\/p>\n<p>La cartera de PortAventura World cuenta con hoteles en gesti\u00f3n o alquiler que suman cerca de 2.500 habitaciones. El nuevo establecimiento adquirido cuenta con 94 habitaciones y apartamentos.<\/p>\n","protected":false},"excerpt":{"rendered":"<p>El resort PortAventura World gestionar\u00e1 el Hotel Atenea Aventura, ubicado en Vila-seca. Con la compra de este hotel ampl\u00eda su oferta de alojamientos vinculados al parque tem\u00e1tico, aunque esta vez fuera del per\u00edmetro del complejo. Esta operaci\u00f3n de crecimiento de la oferta m\u00e1s all\u00e1 del per\u00edmetro del parque supone un nuevo modelo de gesti\u00f3n hotelera &hellip;<\/p>\n","protected":false},"author":408,"featured_media":20447,"comment_status":"closed","ping_status":"open","sticky":false,"template":"","format":"standard","meta":[],"categories":[61],"tags":[],"_links":{"self":[{"href":"https:\/\/www.comunicatur.info\/es\/wp-json\/wp\/v2\/posts\/20449"}],"collection":[{"href":"https:\/\/www.comunicatur.info\/es\/wp-json\/wp\/v2\/posts"}],"about":[{"href":"https:\/\/www.comunicatur.info\/es\/wp-json\/wp\/v2\/types\/post"}],"author":[{"embeddable":true,"href":"https:\/\/www.comunicatur.info\/es\/wp-json\/wp\/v2\/users\/408"}],"replies":[{"embeddable":true,"href":"https:\/\/www.comunicatur.info\/es\/wp-json\/wp\/v2\/comments?post=20449"}],"version-history":[{"count":1,"href":"https:\/\/www.comunicatur.info\/es\/wp-json\/wp\/v2\/posts\/20449\/revisions"}],"predecessor-version":[{"id":20450,"href":"https:\/\/www.comunicatur.info\/es\/wp-json\/wp\/v2\/posts\/20449\/revisions\/20450"}],"wp:featuredmedia":[{"embeddable":true,"href":"https:\/\/www.comunicatur.info\/es\/wp-json\/wp\/v2\/media\/20447"}],"wp:attachment":[{"href":"https:\/\/www.comunicatur.info\/es\/wp-json\/wp\/v2\/media?parent=20449"}],"wp:term":[{"taxonomy":"category","embeddable":true,"href":"https:\/\/www.comunicatur.info\/es\/wp-json\/wp\/v2\/categories?post=20449"},{"taxonomy":"post_tag","embeddable":true,"href":"https:\/\/www.comunicatur.info\/es\/wp-json\/wp\/v2\/tags?post=20449"}],"curies":[{"name":"wp","href":"https:\/\/api.w.org\/{rel}","templated":true}]}}