{"id":20316,"date":"2022-05-03T00:00:49","date_gmt":"2022-05-02T22:00:49","guid":{"rendered":"https:\/\/www.comunicatur.info\/?p=20316"},"modified":"2022-05-07T11:19:53","modified_gmt":"2022-05-07T09:19:53","slug":"el-forum-turistic-llega-a-la-decima-edicion-proponiendo-una-reflexion-de-cara-al-futuro","status":"publish","type":"post","link":"https:\/\/www.comunicatur.info\/es\/el-forum-turistic-llega-a-la-decima-edicion-proponiendo-una-reflexion-de-cara-al-futuro\/","title":{"rendered":"El Forum TurisTIC llega a la d\u00e9cima edici\u00f3n proponiendo una reflexi\u00f3n de cara al futuro"},"content":{"rendered":"<p>El <strong>Forum TurisTIC <\/strong>que naci\u00f3 con la idea de ser un referente en la aplicaci\u00f3n de las TIC en el sector llega este a\u00f1o a la d\u00e9cima edici\u00f3n y lleva por t\u00edtulo <strong>\u00ab10 a\u00f1os de Turismo e Innovaci\u00f3n: Reflexiones\u00bb.<\/strong><\/p>\n<p>El congreso se celebrar\u00e1 en <strong>CosmoCaixa de Barcelona, el pr\u00f3ximo 10 de mayo<\/strong> y tendr\u00e1 un formato mixto, presencial y por <em>streaming<\/em>.<\/p>\n<p><img class=\"alignright size-medium wp-image-20317\" src=\"https:\/\/www.comunicatur.info\/wp-content\/uploads\/2022\/05\/CARTELL_ESP-287x300.png\" alt=\"\" width=\"287\" height=\"300\" srcset=\"https:\/\/www.comunicatur.info\/wp-content\/uploads\/2022\/05\/CARTELL_ESP-287x300.png 287w, https:\/\/www.comunicatur.info\/wp-content\/uploads\/2022\/05\/CARTELL_ESP-768x804.png 768w, https:\/\/www.comunicatur.info\/wp-content\/uploads\/2022\/05\/CARTELL_ESP-600x628.png 600w, https:\/\/www.comunicatur.info\/wp-content\/uploads\/2022\/05\/CARTELL_ESP.png 862w\" sizes=\"(max-width: 287px) 100vw, 287px\" \/>La idea de dedicarlo a una reflexi\u00f3n de cara al futuro, seg\u00fan <strong>el presidente de Eurecat,<\/strong> organizador del evento,<strong> Xavier Torra<\/strong>, se debe a que <em>\u00abel Forum har\u00e1 un recorrido reflexivo por la evoluci\u00f3n del turismo a lo largo de estos a\u00f1os, en un entorno muy cambiante y en constante evoluci\u00f3n\u00bb<\/em>. Por su parte, <strong>el director cient\u00edfico del \u00c1rea de Turismo del Eurecat, Salvador Anton Clav\u00e9, <\/strong>cree que <em>\u00abesta edici\u00f3n pretende situar el debate en una dimensi\u00f3n diferente de la de los a\u00f1os anteriores, profundizando no solo en las aportaciones que la tecnolog\u00eda puede hacer a la din\u00e1mica tur\u00edstica, sino tambi\u00e9n debatiendo el papel que tienen en su propia transformaci\u00f3n\u00bb.<\/em><\/p>\n<p>Y es que se ha organizado el congreso en cuatro sesiones de reflexi\u00f3n:<\/p>\n<ul>\n<li>Estado del sector para ofrecer un turismo sostenible. Visiones sobre el papel de las emociones en el uso de las nuevas tecnolog\u00edas.<\/li>\n<li>En el \u00e1mbito de las redes sociales, se tratar\u00e1 el reto que plantean las nuevas generaciones Z y Alpha, que comparten un patr\u00f3n de consumo nuevo, basado en la interacci\u00f3n con la tecnolog\u00eda, la experiencia personalizada y la inmediatez.<\/li>\n<li>El rol que tiene que tomar la tecnolog\u00eda en el sector y como identificar las necesidades y las herramientas para esta transformaci\u00f3n.<\/li>\n<li>Turismo de futuro el fen\u00f3meno metaverso.<\/li>\n<\/ul>\n<p>Adem\u00e1s de Eurecat como organizador, el congreso est\u00e1 promovido por la Generalitat de Catalu\u00f1a, el Ayuntamiento de Barcelona y la Diputaci\u00f3n de Barcelona. Todo ello contribuye a que las cuatro sesiones est\u00e9n llenas de personalidades importantes dentro del sector tur\u00edstico y de las tecnolog\u00edas.<\/p>\n<p>Pod\u00e9is consultar el programa del congreso <a href=\"https:\/\/cdn.eurecat.org\/PDF\/ForumTuristic2022\/PROGRAMA2022es.pdf\" target=\"_blank\" rel=\"noopener\"><strong>AQU\u00cd<\/strong><\/a>. Y si os quer\u00e9is inscribir lo pod\u00e9is hacer <a href=\"https:\/\/www.tfaforms.com\/4969079\" target=\"_blank\" rel=\"noopener\"><strong>AQU\u00cd.<\/strong><\/a><\/p>\n<p>M\u00e1s informaci\u00f3n en el <a href=\"https:\/\/www.forumturistic.com\/\" target=\"_blank\" rel=\"noopener\"><strong>web del Forum TurisTIC<\/strong>.<\/a><\/p>\n","protected":false},"excerpt":{"rendered":"<p>El Forum TurisTIC que naci\u00f3 con la idea de ser un referente en la aplicaci\u00f3n de las TIC en el sector llega este a\u00f1o a la d\u00e9cima edici\u00f3n y lleva por t\u00edtulo \u00ab10 a\u00f1os de Turismo e Innovaci\u00f3n: Reflexiones\u00bb. El congreso se celebrar\u00e1 en CosmoCaixa de Barcelona, el pr\u00f3ximo 10 de mayo y tendr\u00e1 un &hellip;<\/p>\n","protected":false},"author":408,"featured_media":20336,"comment_status":"closed","ping_status":"open","sticky":false,"template":"","format":"standard","meta":[],"categories":[68],"tags":[],"_links":{"self":[{"href":"https:\/\/www.comunicatur.info\/es\/wp-json\/wp\/v2\/posts\/20316"}],"collection":[{"href":"https:\/\/www.comunicatur.info\/es\/wp-json\/wp\/v2\/posts"}],"about":[{"href":"https:\/\/www.comunicatur.info\/es\/wp-json\/wp\/v2\/types\/post"}],"author":[{"embeddable":true,"href":"https:\/\/www.comunicatur.info\/es\/wp-json\/wp\/v2\/users\/408"}],"replies":[{"embeddable":true,"href":"https:\/\/www.comunicatur.info\/es\/wp-json\/wp\/v2\/comments?post=20316"}],"version-history":[{"count":3,"href":"https:\/\/www.comunicatur.info\/es\/wp-json\/wp\/v2\/posts\/20316\/revisions"}],"predecessor-version":[{"id":20339,"href":"https:\/\/www.comunicatur.info\/es\/wp-json\/wp\/v2\/posts\/20316\/revisions\/20339"}],"wp:featuredmedia":[{"embeddable":true,"href":"https:\/\/www.comunicatur.info\/es\/wp-json\/wp\/v2\/media\/20336"}],"wp:attachment":[{"href":"https:\/\/www.comunicatur.info\/es\/wp-json\/wp\/v2\/media?parent=20316"}],"wp:term":[{"taxonomy":"category","embeddable":true,"href":"https:\/\/www.comunicatur.info\/es\/wp-json\/wp\/v2\/categories?post=20316"},{"taxonomy":"post_tag","embeddable":true,"href":"https:\/\/www.comunicatur.info\/es\/wp-json\/wp\/v2\/tags?post=20316"}],"curies":[{"name":"wp","href":"https:\/\/api.w.org\/{rel}","templated":true}]}}