{"id":20309,"date":"2022-05-02T00:00:40","date_gmt":"2022-05-01T22:00:40","guid":{"rendered":"https:\/\/www.comunicatur.info\/?p=20309"},"modified":"2022-05-01T22:11:18","modified_gmt":"2022-05-01T20:11:18","slug":"morir-de-exito-barcelona-cuestiona-el-turismo","status":"publish","type":"post","link":"https:\/\/www.comunicatur.info\/es\/morir-de-exito-barcelona-cuestiona-el-turismo\/","title":{"rendered":"Morir de \u00e9xito. Barcelona cuestiona el turismo"},"content":{"rendered":"<p>Barcelona no tiene claro c\u00f3mo gestionar su \u00e9xito tur\u00edstico y una vez pasada la pandemia vuelve el miedo a la masificaci\u00f3n y a la congesti\u00f3n de la ciudad por parte de los turistas.<\/p>\n<p>Los grupos pol\u00edticos del consistorio han aprobado medidas para combatir algunos efectos negativos del turismo en el denominado<em> \u201cPlan verano\u201d<\/em>. Con este nombre, el Ayuntamiento muestra su recelo sobre la actividad tur\u00edstica y en cierta forma estigmatiza al sector cuando el plan simplemente pretende aprobar limitaciones a los grupos con gu\u00eda que circulan por la calle o perseguir el alojamiento ilegal.<\/p>\n<p>El mismo d\u00eda que The Telegraph Travel ha elegido a Barcelona como la mejor ciudad del mundo, el ayuntamiento ha anunciado que antes de julio regular\u00e1 el turismo para intentar acabar con las molestias que ocasionan los turistas. La Semana Santa ha tra\u00eddo ocupaciones altas y las empresas de restauraci\u00f3n, comercios y hoteles han visto con esperanza la campa\u00f1a de verano. Pero en paralelo, los representantes municipales quieren marcar perfil visualiz\u00e1ndose como personas preocupadas por la llegada de nuevo de los turistas.<\/p>\n<p>El grupo de ERC ha impulsado el plan que se ha aprobado con los votos a favor de los dos grupos que gobiernan la ciudad: Comunes y PSC. El concejal Ernest Maragall de ERC ha sido claro en la intencionalidad de las medidas que impulsa su partido: <em><strong>\u00abuna ciudad con turismo, s\u00ed, pero que no dependa del turismo\u00bb.<\/strong><\/em><\/p>\n<p>El sector privado est\u00e1 trabajando para recuperar el turismo y activar los negocios y piden el acompa\u00f1amiento del sector p\u00fablico. Recientemente, el Ayuntamiento de Barcelona anunciaba con entusiasmo que ser\u00eda <a href=\"https:\/\/www.comunicatur.info\/es\/barcelona-y-malaga-optan-a-acoger-uno-de-los-mayores-espectaculos-deportivos-del-mundo\/\" target=\"_blank\" rel=\"noopener\">la sede de la Copa Am\u00e9rica de vela<\/a>, tambi\u00e9n apoyaba la candidatura de los<a href=\"https:\/\/www.comunicatur.info\/es\/los-jjoo-de-invierno-cuelgan-de-un-hilo-en-cataluna\/\" target=\"_blank\" rel=\"noopener\"> Juegos Ol\u00edmpicos de invierno<\/a>, una l\u00ednea aplaudida por el sector. Ahora, el miedo manifestado por el consistorio preocupa al empresariado que ven c\u00f3mo los representantes p\u00fablicos identifican el turismo como problema y no como un activo econ\u00f3mico para la ciudad.<\/p>\n","protected":false},"excerpt":{"rendered":"<p>Barcelona no tiene claro c\u00f3mo gestionar su \u00e9xito tur\u00edstico y una vez pasada la pandemia vuelve el miedo a la masificaci\u00f3n y a la congesti\u00f3n de la ciudad por parte de los turistas. Los grupos pol\u00edticos del consistorio han aprobado medidas para combatir algunos efectos negativos del turismo en el denominado \u201cPlan verano\u201d. Con este &hellip;<\/p>\n","protected":false},"author":408,"featured_media":18527,"comment_status":"closed","ping_status":"open","sticky":false,"template":"","format":"standard","meta":[],"categories":[64],"tags":[],"_links":{"self":[{"href":"https:\/\/www.comunicatur.info\/es\/wp-json\/wp\/v2\/posts\/20309"}],"collection":[{"href":"https:\/\/www.comunicatur.info\/es\/wp-json\/wp\/v2\/posts"}],"about":[{"href":"https:\/\/www.comunicatur.info\/es\/wp-json\/wp\/v2\/types\/post"}],"author":[{"embeddable":true,"href":"https:\/\/www.comunicatur.info\/es\/wp-json\/wp\/v2\/users\/408"}],"replies":[{"embeddable":true,"href":"https:\/\/www.comunicatur.info\/es\/wp-json\/wp\/v2\/comments?post=20309"}],"version-history":[{"count":1,"href":"https:\/\/www.comunicatur.info\/es\/wp-json\/wp\/v2\/posts\/20309\/revisions"}],"predecessor-version":[{"id":20310,"href":"https:\/\/www.comunicatur.info\/es\/wp-json\/wp\/v2\/posts\/20309\/revisions\/20310"}],"wp:featuredmedia":[{"embeddable":true,"href":"https:\/\/www.comunicatur.info\/es\/wp-json\/wp\/v2\/media\/18527"}],"wp:attachment":[{"href":"https:\/\/www.comunicatur.info\/es\/wp-json\/wp\/v2\/media?parent=20309"}],"wp:term":[{"taxonomy":"category","embeddable":true,"href":"https:\/\/www.comunicatur.info\/es\/wp-json\/wp\/v2\/categories?post=20309"},{"taxonomy":"post_tag","embeddable":true,"href":"https:\/\/www.comunicatur.info\/es\/wp-json\/wp\/v2\/tags?post=20309"}],"curies":[{"name":"wp","href":"https:\/\/api.w.org\/{rel}","templated":true}]}}