{"id":20292,"date":"2022-05-04T00:00:06","date_gmt":"2022-05-03T22:00:06","guid":{"rendered":"https:\/\/www.comunicatur.info\/?p=20292"},"modified":"2022-05-01T21:56:26","modified_gmt":"2022-05-01T19:56:26","slug":"rusia-fuera-de-la-organizacion-mundial-del-turismo","status":"publish","type":"post","link":"https:\/\/www.comunicatur.info\/es\/rusia-fuera-de-la-organizacion-mundial-del-turismo\/","title":{"rendered":"Rusia, fuera de la Organizaci\u00f3n Mundial del Turismo"},"content":{"rendered":"<p>La sesi\u00f3n extraordinaria de la Asamblea General de la OMT ha decidido suspender de forma inmediata a la Federaci\u00f3n Rusa de esta agencia especializada de Naciones Unidas por su invasi\u00f3n militar de Ucrania.<\/p>\n<p><img class=\"alignright size-medium wp-image-20288\" src=\"https:\/\/www.comunicatur.info\/wp-content\/uploads\/2022\/04\/Rusia_OMT-300x225.jpg\" alt=\"\" width=\"300\" height=\"225\" srcset=\"https:\/\/www.comunicatur.info\/wp-content\/uploads\/2022\/04\/Rusia_OMT-300x225.jpg 300w, https:\/\/www.comunicatur.info\/wp-content\/uploads\/2022\/04\/Rusia_OMT-768x576.jpg 768w, https:\/\/www.comunicatur.info\/wp-content\/uploads\/2022\/04\/Rusia_OMT-600x450.jpg 600w, https:\/\/www.comunicatur.info\/wp-content\/uploads\/2022\/04\/Rusia_OMT.jpg 800w\" sizes=\"(max-width: 300px) 100vw, 300px\" \/>El representante ruso decidi\u00f3 retirarse del debate antes de producirse la votaci\u00f3n en la sede del organismo en Madrid a la que acudieron un total de 99 pa\u00edses. <a href=\"https:\/\/webunwto.s3.eu-west-1.amazonaws.com\/s3fs-public\/2022-04\/220427-emergency-general-assembly-es.pdf?1IoUhaaUxNXBc_TxbKHtA9yis_6FCDz4\" target=\"_blank\" rel=\"noopener\">M\u00e1s de dos terceras partes de los miembros de la Organizaci\u00f3n Mundial del Turismo decidieron la expulsi\u00f3n.<\/a><\/p>\n<p>El Secretario General de la OMT, Zurab Pololikashvili, ha manifestado que <em><strong>\u201cnuestros estatutos son claros: promoci\u00f3n del turismo para la paz universal y el respecto a los derechos humanos. Solo los Miembros que cumplan con esto pueden ser parte de la OMT\u201d.<\/strong><\/em><\/p>\n<blockquote class=\"twitter-tweet\">\n<p dir=\"ltr\" lang=\"en\">UNWTO Members have made their voices heard and decided to suspend Russia from UNWTO membership.<\/p>\n<p>The message is clear: Actions will always have consequences. Peace is a fundamental human right. Guaranteed to all. Without exception. <a href=\"https:\/\/t.co\/Bt4lkI7vbc\" target=\"_blank\">pic.twitter.com\/Bt4lkI7vbc<\/a><\/p>\n<p>\u2014 Zurab Pololikashvili (@pololikashvili) <a href=\"https:\/\/twitter.com\/pololikashvili\/status\/1519335835795177472?ref_src=twsrc%5Etfw\" target=\"_blank\" rel=\"noopener\">April 27, 2022<\/a><\/p><\/blockquote>\n<p><script async src=\"https:\/\/platform.twitter.com\/widgets.js\" charset=\"utf-8\"><\/script><\/p>\n<p>A partir de ahora Rusia pierde todos los derechos en la organizaci\u00f3n y no podr\u00e1 recibir ning\u00fan servicio ni asistencia t\u00e9cnica ni participar en ninguna reuni\u00f3n ni evento de la OMT. Obviamente tampoco podr\u00e1 presentar o proponer candidatos a los \u00f3rganos de la agencia. <a href=\"https:\/\/www.comunicatur.info\/es\/la-omt-contra-la-federacion-rusa-por-violar-los-valores-del-turismo\/\" target=\"_blank\" rel=\"noopener\">La suspensi\u00f3n de la Federaci\u00f3n rusa es temporal y puede ser revertida por el mismo \u00f3rgano siguiendo un procedimiento equivalente al aplicado en este caso.<\/a><\/p>\n","protected":false},"excerpt":{"rendered":"<p>La sesi\u00f3n extraordinaria de la Asamblea General de la OMT ha decidido suspender de forma inmediata a la Federaci\u00f3n Rusa de esta agencia especializada de Naciones Unidas por su invasi\u00f3n militar de Ucrania. El representante ruso decidi\u00f3 retirarse del debate antes de producirse la votaci\u00f3n en la sede del organismo en Madrid a la que &hellip;<\/p>\n","protected":false},"author":408,"featured_media":20286,"comment_status":"closed","ping_status":"open","sticky":false,"template":"","format":"standard","meta":[],"categories":[73],"tags":[],"_links":{"self":[{"href":"https:\/\/www.comunicatur.info\/es\/wp-json\/wp\/v2\/posts\/20292"}],"collection":[{"href":"https:\/\/www.comunicatur.info\/es\/wp-json\/wp\/v2\/posts"}],"about":[{"href":"https:\/\/www.comunicatur.info\/es\/wp-json\/wp\/v2\/types\/post"}],"author":[{"embeddable":true,"href":"https:\/\/www.comunicatur.info\/es\/wp-json\/wp\/v2\/users\/408"}],"replies":[{"embeddable":true,"href":"https:\/\/www.comunicatur.info\/es\/wp-json\/wp\/v2\/comments?post=20292"}],"version-history":[{"count":2,"href":"https:\/\/www.comunicatur.info\/es\/wp-json\/wp\/v2\/posts\/20292\/revisions"}],"predecessor-version":[{"id":20305,"href":"https:\/\/www.comunicatur.info\/es\/wp-json\/wp\/v2\/posts\/20292\/revisions\/20305"}],"wp:featuredmedia":[{"embeddable":true,"href":"https:\/\/www.comunicatur.info\/es\/wp-json\/wp\/v2\/media\/20286"}],"wp:attachment":[{"href":"https:\/\/www.comunicatur.info\/es\/wp-json\/wp\/v2\/media?parent=20292"}],"wp:term":[{"taxonomy":"category","embeddable":true,"href":"https:\/\/www.comunicatur.info\/es\/wp-json\/wp\/v2\/categories?post=20292"},{"taxonomy":"post_tag","embeddable":true,"href":"https:\/\/www.comunicatur.info\/es\/wp-json\/wp\/v2\/tags?post=20292"}],"curies":[{"name":"wp","href":"https:\/\/api.w.org\/{rel}","templated":true}]}}