{"id":20281,"date":"2022-04-28T00:00:00","date_gmt":"2022-04-27T22:00:00","guid":{"rendered":"https:\/\/www.comunicatur.info\/?p=20281"},"modified":"2022-04-27T19:23:33","modified_gmt":"2022-04-27T17:23:33","slug":"la-guerra-y-la-pandemia-no-pasaran-factura-este-verano","status":"publish","type":"post","link":"https:\/\/www.comunicatur.info\/es\/la-guerra-y-la-pandemia-no-pasaran-factura-este-verano\/","title":{"rendered":"La guerra y la pandemia no pasar\u00e1n factura este verano"},"content":{"rendered":"<p>La normalidad ser\u00e1 pr\u00e1cticamente total durante la temporada alta, en los meses de julio y agosto, a pesar de la guerra de Ucrania y el alza de precios generalizada que sufren las econom\u00edas europeas.<\/p>\n<p>La Asociaci\u00f3n Corporativa de Agencias de Viajes Especializadas (Acave) explica que esta recuperaci\u00f3n ya se manifiesta en la situaci\u00f3n de muchas empresas del sector. Una tercera parte de las agencias prev\u00e9 ampliar plantilla este a\u00f1o debido a las buenas perspectivas. El otro dato destacado es que el 60% de los asociados a Acave en estos momentos no tienen a ninguno de sus empleados en ERTO.<\/p>\n<p>La Semana Santa, con grandes resultados, ha dado el pistoletazo de salida al turismo. Con este entorno positivo, el optimismo de las agencias es generalizado. El verano ser\u00e1 bueno, aunque no quieren lanzar las campanas al vuelo y calculan que hasta 2023 no recuperar\u00e1n la facturaci\u00f3n anterior a la pandemia. Por ahora s\u00f3lo una cuarta parte de las agencias ha recuperado el nivel de reservas de 2019 pero seg\u00fan vaya avanzando el a\u00f1o y acerc\u00e1ndose las vacaciones de verano el porcentaje ir\u00e1 subiendo.<\/p>\n<p>Uno de los aspectos que pueden tener incidencia negativa ser\u00e1 el alza de precios de los carburantes que pueden afectar a los vuelos internacionales y por tanto la llegada y salida de turistas, y el sector de los cruceros, que llevan una recuperaci\u00f3n claramente m\u00e1s lenta que el resto. Pr\u00e1cticamente todas las agencias que comercializan cruceros dicen que no facturar\u00e1n las cifras prepandemia.<\/p>\n","protected":false},"excerpt":{"rendered":"<p>La normalidad ser\u00e1 pr\u00e1cticamente total durante la temporada alta, en los meses de julio y agosto, a pesar de la guerra de Ucrania y el alza de precios generalizada que sufren las econom\u00edas europeas. La Asociaci\u00f3n Corporativa de Agencias de Viajes Especializadas (Acave) explica que esta recuperaci\u00f3n ya se manifiesta en la situaci\u00f3n de muchas &hellip;<\/p>\n","protected":false},"author":408,"featured_media":18228,"comment_status":"closed","ping_status":"open","sticky":false,"template":"","format":"standard","meta":[],"categories":[74],"tags":[],"_links":{"self":[{"href":"https:\/\/www.comunicatur.info\/es\/wp-json\/wp\/v2\/posts\/20281"}],"collection":[{"href":"https:\/\/www.comunicatur.info\/es\/wp-json\/wp\/v2\/posts"}],"about":[{"href":"https:\/\/www.comunicatur.info\/es\/wp-json\/wp\/v2\/types\/post"}],"author":[{"embeddable":true,"href":"https:\/\/www.comunicatur.info\/es\/wp-json\/wp\/v2\/users\/408"}],"replies":[{"embeddable":true,"href":"https:\/\/www.comunicatur.info\/es\/wp-json\/wp\/v2\/comments?post=20281"}],"version-history":[{"count":1,"href":"https:\/\/www.comunicatur.info\/es\/wp-json\/wp\/v2\/posts\/20281\/revisions"}],"predecessor-version":[{"id":20282,"href":"https:\/\/www.comunicatur.info\/es\/wp-json\/wp\/v2\/posts\/20281\/revisions\/20282"}],"wp:featuredmedia":[{"embeddable":true,"href":"https:\/\/www.comunicatur.info\/es\/wp-json\/wp\/v2\/media\/18228"}],"wp:attachment":[{"href":"https:\/\/www.comunicatur.info\/es\/wp-json\/wp\/v2\/media?parent=20281"}],"wp:term":[{"taxonomy":"category","embeddable":true,"href":"https:\/\/www.comunicatur.info\/es\/wp-json\/wp\/v2\/categories?post=20281"},{"taxonomy":"post_tag","embeddable":true,"href":"https:\/\/www.comunicatur.info\/es\/wp-json\/wp\/v2\/tags?post=20281"}],"curies":[{"name":"wp","href":"https:\/\/api.w.org\/{rel}","templated":true}]}}