{"id":20239,"date":"2022-04-20T00:00:11","date_gmt":"2022-04-19T22:00:11","guid":{"rendered":"https:\/\/www.comunicatur.info\/?p=20239"},"modified":"2022-04-20T11:00:54","modified_gmt":"2022-04-20T09:00:54","slug":"una-semana-santa-de-las-de-siempre","status":"publish","type":"post","link":"https:\/\/www.comunicatur.info\/es\/una-semana-santa-de-las-de-siempre\/","title":{"rendered":"Una Semana Santa de las de siempre"},"content":{"rendered":"<p>El sector ha podido realizar un balance tur\u00edstico muy positivo en Semana Santa alcanzando los \u00edndices de ocupaci\u00f3n esperados. Las restricciones de los dos \u00faltimos a\u00f1os han propiciado que se recuperara la movilidad y se volviera a una total normalidad.<\/p>\n<p>La Semana Santa del 2021 ya fue buena porque coincidi\u00f3 en un impasse de la pandemia. Este a\u00f1o, los porcentajes de ocupaci\u00f3n estimados se han cumplido. En Catalu\u00f1a ha oscilado entre el 80% y el 100% en algunos sitios y d\u00edas puntuales. Los cuatro d\u00edas festivos fueron excepcionales. Los alojamientos y la restauraci\u00f3n han vivido de nuevo la normalidad de una minitemporada tur\u00edstica, de una semana de duraci\u00f3n.<\/p>\n<p>Ahora todos esperan que la situaci\u00f3n del verano sea como \u00e9sta, o mejor a\u00fan con la llegada de visitantes extranjeros. Franceses, alemanes y brit\u00e1nicos ser\u00e1n los m\u00e1s esperados. Esta Semana Santa el cliente ha sido b\u00e1sicamente nacional y en las zonas del norte de Catalu\u00f1a se ha dejado notar m\u00e1s al turista franc\u00e9s.<\/p>\n<p>En la Costa Dorada los empresarios calculan que han superado el 90% de ocupaci\u00f3n, en Lleida y los Pirineos, que ya hicieron resultados hist\u00f3ricos el a\u00f1o pasado, han vuelto a repetirlos, por encima del 95%; en la Costa Brava el porcentaje es algo inferior pero superior al 80% y en el caso de la ciudad de Barcelona se han vuelto a ver turistas extranjeros. Los hoteleros de la capital catalana preve\u00edan una ocupaci\u00f3n del 80% pero aclaraban que el 17% de los establecimientos todav\u00eda estar\u00edan cerrados en estas fechas. Al final, el Gremio de Hoteles de Barcelona ha informado de que ha superado sus expectativas con ocupaciones de entre el 85% y el 87%.<\/p>\n","protected":false},"excerpt":{"rendered":"<p>El sector ha podido realizar un balance tur\u00edstico muy positivo en Semana Santa alcanzando los \u00edndices de ocupaci\u00f3n esperados. Las restricciones de los dos \u00faltimos a\u00f1os han propiciado que se recuperara la movilidad y se volviera a una total normalidad. La Semana Santa del 2021 ya fue buena porque coincidi\u00f3 en un impasse de la &hellip;<\/p>\n","protected":false},"author":408,"featured_media":20237,"comment_status":"closed","ping_status":"open","sticky":false,"template":"","format":"standard","meta":[],"categories":[74],"tags":[],"_links":{"self":[{"href":"https:\/\/www.comunicatur.info\/es\/wp-json\/wp\/v2\/posts\/20239"}],"collection":[{"href":"https:\/\/www.comunicatur.info\/es\/wp-json\/wp\/v2\/posts"}],"about":[{"href":"https:\/\/www.comunicatur.info\/es\/wp-json\/wp\/v2\/types\/post"}],"author":[{"embeddable":true,"href":"https:\/\/www.comunicatur.info\/es\/wp-json\/wp\/v2\/users\/408"}],"replies":[{"embeddable":true,"href":"https:\/\/www.comunicatur.info\/es\/wp-json\/wp\/v2\/comments?post=20239"}],"version-history":[{"count":3,"href":"https:\/\/www.comunicatur.info\/es\/wp-json\/wp\/v2\/posts\/20239\/revisions"}],"predecessor-version":[{"id":20245,"href":"https:\/\/www.comunicatur.info\/es\/wp-json\/wp\/v2\/posts\/20239\/revisions\/20245"}],"wp:featuredmedia":[{"embeddable":true,"href":"https:\/\/www.comunicatur.info\/es\/wp-json\/wp\/v2\/media\/20237"}],"wp:attachment":[{"href":"https:\/\/www.comunicatur.info\/es\/wp-json\/wp\/v2\/media?parent=20239"}],"wp:term":[{"taxonomy":"category","embeddable":true,"href":"https:\/\/www.comunicatur.info\/es\/wp-json\/wp\/v2\/categories?post=20239"},{"taxonomy":"post_tag","embeddable":true,"href":"https:\/\/www.comunicatur.info\/es\/wp-json\/wp\/v2\/tags?post=20239"}],"curies":[{"name":"wp","href":"https:\/\/api.w.org\/{rel}","templated":true}]}}