{"id":20199,"date":"2022-04-27T00:00:26","date_gmt":"2022-04-26T22:00:26","guid":{"rendered":"https:\/\/www.comunicatur.info\/?p=20199"},"modified":"2022-04-24T12:45:06","modified_gmt":"2022-04-24T10:45:06","slug":"llega-el-reconocimiento-facial-de-los-pasajeros-en-el-embarque-aereo","status":"publish","type":"post","link":"https:\/\/www.comunicatur.info\/es\/llega-el-reconocimiento-facial-de-los-pasajeros-en-el-embarque-aereo\/","title":{"rendered":"Llega el reconocimiento facial de los pasajeros en el embarque a\u00e9reo"},"content":{"rendered":"<p>Ahora con el reconocimiento facial, vinculando biom\u00e9tricamente la foto del pasaporte o DNI con la persona y sus tarjetas de embarque, se puede realizar todo el proceso para acceder a una aeronave sin interferencias.<\/p>\n<p>Los aeropuertos de Madrid-Barajas y Barcelona-El Prat ya han realizado diferentes pruebas de embarque con reconocimiento facial. Iberia cuenta con un sistema experimental en Madrid que ya ha probado con \u00e9xito. En el caso de Barcelona ha sido Vueling la que ha probado el sistema.<\/p>\n<p>Con este control biom\u00e9trico se evitan colas en los aeropuertos al prescindir el chequeo visual. Los empleados que deben supervisar a los viajeros en todos los procesos previos al vuelo tendr\u00e1n el reconocimiento facial como aliado y podr\u00e1n agilizar toda la operativa. Calculan que la tecnolog\u00eda puede ahorrar pr\u00e1cticamente la mitad del tiempo que se requiere para acceder a un avi\u00f3n.<\/p>\n<p>Dejando en manos de la m\u00e1quina el cotejo de las fotograf\u00edas de los documentos oficiales adem\u00e1s se consigue una eficiencia mayor. Es m\u00e1s seguro que el proceso de revisi\u00f3n lo realicen los algoritmos del reconocimiento facial que las personas. Aena cuenta con una APP que permite a los pasajeros vincular su cara con su DNI desde casa, o en unas m\u00e1quinas especiales en el mismo aeropuerto.<\/p>\n<p>El reconocimiento facial agiliza los tres pasos en los que la intervenci\u00f3n humana se ha considerado indispensable: la facturaci\u00f3n del equipaje, el filtro de seguridad para acceder a la zona de embarque y por \u00faltimo el acceso al avi\u00f3n. Por ahora el proceso es experimental, pero ha llegado para quedarse.<\/p>\n","protected":false},"excerpt":{"rendered":"<p>Ahora con el reconocimiento facial, vinculando biom\u00e9tricamente la foto del pasaporte o DNI con la persona y sus tarjetas de embarque, se puede realizar todo el proceso para acceder a una aeronave sin interferencias. Los aeropuertos de Madrid-Barajas y Barcelona-El Prat ya han realizado diferentes pruebas de embarque con reconocimiento facial. Iberia cuenta con un &hellip;<\/p>\n","protected":false},"author":408,"featured_media":20196,"comment_status":"closed","ping_status":"open","sticky":false,"template":"","format":"standard","meta":[],"categories":[65,65],"tags":[],"_links":{"self":[{"href":"https:\/\/www.comunicatur.info\/es\/wp-json\/wp\/v2\/posts\/20199"}],"collection":[{"href":"https:\/\/www.comunicatur.info\/es\/wp-json\/wp\/v2\/posts"}],"about":[{"href":"https:\/\/www.comunicatur.info\/es\/wp-json\/wp\/v2\/types\/post"}],"author":[{"embeddable":true,"href":"https:\/\/www.comunicatur.info\/es\/wp-json\/wp\/v2\/users\/408"}],"replies":[{"embeddable":true,"href":"https:\/\/www.comunicatur.info\/es\/wp-json\/wp\/v2\/comments?post=20199"}],"version-history":[{"count":2,"href":"https:\/\/www.comunicatur.info\/es\/wp-json\/wp\/v2\/posts\/20199\/revisions"}],"predecessor-version":[{"id":20201,"href":"https:\/\/www.comunicatur.info\/es\/wp-json\/wp\/v2\/posts\/20199\/revisions\/20201"}],"wp:featuredmedia":[{"embeddable":true,"href":"https:\/\/www.comunicatur.info\/es\/wp-json\/wp\/v2\/media\/20196"}],"wp:attachment":[{"href":"https:\/\/www.comunicatur.info\/es\/wp-json\/wp\/v2\/media?parent=20199"}],"wp:term":[{"taxonomy":"category","embeddable":true,"href":"https:\/\/www.comunicatur.info\/es\/wp-json\/wp\/v2\/categories?post=20199"},{"taxonomy":"post_tag","embeddable":true,"href":"https:\/\/www.comunicatur.info\/es\/wp-json\/wp\/v2\/tags?post=20199"}],"curies":[{"name":"wp","href":"https:\/\/api.w.org\/{rel}","templated":true}]}}