{"id":20191,"date":"2022-05-11T00:00:08","date_gmt":"2022-05-10T22:00:08","guid":{"rendered":"https:\/\/www.comunicatur.info\/?p=20191"},"modified":"2022-05-09T17:09:14","modified_gmt":"2022-05-09T15:09:14","slug":"crear-un-imserso-europeo-seria-una-gran-negocio","status":"publish","type":"post","link":"https:\/\/www.comunicatur.info\/es\/crear-un-imserso-europeo-seria-una-gran-negocio\/","title":{"rendered":"Crear un Imserso europeo ser\u00eda un gran negocio"},"content":{"rendered":"<p>Sobre la mesa de los responsables de turismo de los pa\u00edses miembros de la UE est\u00e1 la propuesta de potenciar los viajes entre Estados de los ciudadanos europeos mayores de 65 a\u00f1os. Siguiendo la l\u00ednea marcada por el Imserso el proyecto supondr\u00eda un potencial espectacular para el sector tur\u00edstico europeo.<\/p>\n<p>El turismo s\u00e9nior reglado por un programa com\u00fan de la UE tendr\u00eda un impacto econ\u00f3mico elevad\u00edsimo ya que una quinta parte de la poblaci\u00f3n es mayor de 65 a\u00f1os. El otro factor positivo seria la capacidad de desestacionalzaci\u00f3n de este tipo de viajes. Espa\u00f1a ser\u00eda el principal destino beneficiado, las condiciones clim\u00e1ticas y el atractivo que despierta el pa\u00eds sobre este colectivo son muy elevados.<\/p>\n<p><img class=\"alignright size-medium wp-image-20189\" src=\"https:\/\/www.comunicatur.info\/wp-content\/uploads\/2022\/04\/Reunio_Valdes_TurismoUE-300x159.jpg\" alt=\"\" width=\"300\" height=\"159\" srcset=\"https:\/\/www.comunicatur.info\/wp-content\/uploads\/2022\/04\/Reunio_Valdes_TurismoUE-300x159.jpg 300w, https:\/\/www.comunicatur.info\/wp-content\/uploads\/2022\/04\/Reunio_Valdes_TurismoUE-768x407.jpg 768w, https:\/\/www.comunicatur.info\/wp-content\/uploads\/2022\/04\/Reunio_Valdes_TurismoUE-600x318.jpg 600w, https:\/\/www.comunicatur.info\/wp-content\/uploads\/2022\/04\/Reunio_Valdes_TurismoUE.jpg 1024w\" sizes=\"(max-width: 300px) 100vw, 300px\" \/>El secretario de Estado de Turismo, Fernando Vald\u00e9s, ya ha defendido la iniciativa ante sus colegas durante una reuni\u00f3n europea dedicada al turismo. El Imserso europeo permitir\u00eda que los mayores pudieran elegir destino en cualquier pa\u00eds miembro de la UE. Se calcula que los seniors dedican al turismo entre el 5 y el 6% de sus ingresos.<\/p>\n<p>Las expectativas de la puesta en marcha del Programa de Turismo S\u00e9nior europeo son altas entre hoteleros y agencias. Una gran noticia en caso de materializarse. Supondr\u00eda multiplicar por mucho el impacto actual del imserso que genera unos ingresos decisivos en muchos negocios. Permitir\u00eda mantener puestos de trabajo estacionales y establecimientos abiertos en temporada baja.<\/p>\n","protected":false},"excerpt":{"rendered":"<p>Sobre la mesa de los responsables de turismo de los pa\u00edses miembros de la UE est\u00e1 la propuesta de potenciar los viajes entre Estados de los ciudadanos europeos mayores de 65 a\u00f1os. Siguiendo la l\u00ednea marcada por el Imserso el proyecto supondr\u00eda un potencial espectacular para el sector tur\u00edstico europeo. El turismo s\u00e9nior reglado por &hellip;<\/p>\n","protected":false},"author":408,"featured_media":20185,"comment_status":"closed","ping_status":"open","sticky":false,"template":"","format":"standard","meta":[],"categories":[64],"tags":[],"_links":{"self":[{"href":"https:\/\/www.comunicatur.info\/es\/wp-json\/wp\/v2\/posts\/20191"}],"collection":[{"href":"https:\/\/www.comunicatur.info\/es\/wp-json\/wp\/v2\/posts"}],"about":[{"href":"https:\/\/www.comunicatur.info\/es\/wp-json\/wp\/v2\/types\/post"}],"author":[{"embeddable":true,"href":"https:\/\/www.comunicatur.info\/es\/wp-json\/wp\/v2\/users\/408"}],"replies":[{"embeddable":true,"href":"https:\/\/www.comunicatur.info\/es\/wp-json\/wp\/v2\/comments?post=20191"}],"version-history":[{"count":3,"href":"https:\/\/www.comunicatur.info\/es\/wp-json\/wp\/v2\/posts\/20191\/revisions"}],"predecessor-version":[{"id":20209,"href":"https:\/\/www.comunicatur.info\/es\/wp-json\/wp\/v2\/posts\/20191\/revisions\/20209"}],"wp:featuredmedia":[{"embeddable":true,"href":"https:\/\/www.comunicatur.info\/es\/wp-json\/wp\/v2\/media\/20185"}],"wp:attachment":[{"href":"https:\/\/www.comunicatur.info\/es\/wp-json\/wp\/v2\/media?parent=20191"}],"wp:term":[{"taxonomy":"category","embeddable":true,"href":"https:\/\/www.comunicatur.info\/es\/wp-json\/wp\/v2\/categories?post=20191"},{"taxonomy":"post_tag","embeddable":true,"href":"https:\/\/www.comunicatur.info\/es\/wp-json\/wp\/v2\/tags?post=20191"}],"curies":[{"name":"wp","href":"https:\/\/api.w.org\/{rel}","templated":true}]}}