{"id":20180,"date":"2022-04-13T00:00:20","date_gmt":"2022-04-12T22:00:20","guid":{"rendered":"https:\/\/www.comunicatur.info\/?p=20180"},"modified":"2022-04-12T15:14:26","modified_gmt":"2022-04-12T13:14:26","slug":"vivid-2022-unas-setenta-propuestas-de-enoturismo-en-la-costa-brava-en-el-mes-de-abril","status":"publish","type":"post","link":"https:\/\/www.comunicatur.info\/es\/vivid-2022-unas-setenta-propuestas-de-enoturismo-en-la-costa-brava-en-el-mes-de-abril\/","title":{"rendered":"V\u00edvid 2022: unas setenta propuestas de enoturismo en la Costa Brava en el mes de abril"},"content":{"rendered":"<p>Ya est\u00e1 en marcha la octava edici\u00f3n del festival V\u00edvid. <strong>Este a\u00f1o recupera su formato habitual y ofrece hasta 68 actividades, todas presenciales en la Costa Brava durante este mes de abril<\/strong>. Destaca tambi\u00e9n la apuesta por los Objetivos de Desarrollo Sostenible, de forma que gran parte de las acciones previstas aplican criterios recogidos en la Agenda 2030.<\/p>\n<p>Se proponen actividades agrupadas en diferentes tem\u00e1ticas, que son:<\/p>\n<ul>\n<li>Catas en Espacios Singulares<\/li>\n<li>Desayunos entre vi\u00f1as<\/li>\n<li>Actividades familiares<\/li>\n<li>Festines y maridajes<\/li>\n<li>Enoturismo activo<\/li>\n<li>Actividades inclusivas<\/li>\n<\/ul>\n<p>Podemos destacar algunas de las actividades propuestas, como por ejemplo:<\/p>\n<p><img class=\"alignright size-medium wp-image-20175\" src=\"https:\/\/www.comunicatur.info\/wp-content\/uploads\/2022\/04\/Vivid-300x187.jpg\" alt=\"\" width=\"300\" height=\"187\" srcset=\"https:\/\/www.comunicatur.info\/wp-content\/uploads\/2022\/04\/Vivid-300x187.jpg 300w, https:\/\/www.comunicatur.info\/wp-content\/uploads\/2022\/04\/Vivid-600x374.jpg 600w, https:\/\/www.comunicatur.info\/wp-content\/uploads\/2022\/04\/Vivid.jpg 610w\" sizes=\"(max-width: 300px) 100vw, 300px\" \/>\u2022 Cata vertical 30.70. De la vi\u00f1a a la Playa de los Muertos de Colera. 16 de abril.<br \/>\n\u2022 Cata por el milenario. 30 de abril. Esta cata celebra los mil a\u00f1os de la consagraci\u00f3n de la iglesia de Sant Pere de Rodes.<br \/>\n\u2022 Maridaje de vinos Empord\u00e0lia con chocolate. 16 de abril.<br \/>\n\u2022 Noche de alojamiento con desayuno y cena en el Mas del Joncar con regalo de un pack de vinos DO Empord\u00e0. 23 y 24 de abril.<br \/>\n\u2022 Desayuno de tenedor entre vi\u00f1as en la bodega Mart\u00edn Faix\u00f3 con el chef Ricard Oliv\u00e9s, de La Cuina del Vent. 30 de abril.<br \/>\n\u2022 Masetplana y el Drag\u00f3n: un binomio perfecto, letras y vinos. 30 de abril. Recorrido con fragmentos de nuestra literatura.<br \/>\n\u2022 Monjas benedictinas, \u00e1nforas romanas y vino: cata en el Monasterio de Santa Maria del Mar de Calonge. 16 de abril.<\/p>\n<p>Las actividades se tienen que reservar previamente y son de pago.<\/p>\n<p>Ten\u00e9is toda la informaci\u00f3n y opciones de reservar en la web del <a href=\"https:\/\/vivid.costabrava.org\/\" target=\"_blank\" rel=\"noopener\"><strong>Festival V\u00edvid<\/strong><\/a>.<\/p>\n","protected":false},"excerpt":{"rendered":"<p>Ya est\u00e1 en marcha la octava edici\u00f3n del festival V\u00edvid. Este a\u00f1o recupera su formato habitual y ofrece hasta 68 actividades, todas presenciales en la Costa Brava durante este mes de abril. Destaca tambi\u00e9n la apuesta por los Objetivos de Desarrollo Sostenible, de forma que gran parte de las acciones previstas aplican criterios recogidos en &hellip;<\/p>\n","protected":false},"author":408,"featured_media":20177,"comment_status":"closed","ping_status":"open","sticky":false,"template":"","format":"standard","meta":[],"categories":[62],"tags":[],"_links":{"self":[{"href":"https:\/\/www.comunicatur.info\/es\/wp-json\/wp\/v2\/posts\/20180"}],"collection":[{"href":"https:\/\/www.comunicatur.info\/es\/wp-json\/wp\/v2\/posts"}],"about":[{"href":"https:\/\/www.comunicatur.info\/es\/wp-json\/wp\/v2\/types\/post"}],"author":[{"embeddable":true,"href":"https:\/\/www.comunicatur.info\/es\/wp-json\/wp\/v2\/users\/408"}],"replies":[{"embeddable":true,"href":"https:\/\/www.comunicatur.info\/es\/wp-json\/wp\/v2\/comments?post=20180"}],"version-history":[{"count":2,"href":"https:\/\/www.comunicatur.info\/es\/wp-json\/wp\/v2\/posts\/20180\/revisions"}],"predecessor-version":[{"id":20182,"href":"https:\/\/www.comunicatur.info\/es\/wp-json\/wp\/v2\/posts\/20180\/revisions\/20182"}],"wp:featuredmedia":[{"embeddable":true,"href":"https:\/\/www.comunicatur.info\/es\/wp-json\/wp\/v2\/media\/20177"}],"wp:attachment":[{"href":"https:\/\/www.comunicatur.info\/es\/wp-json\/wp\/v2\/media?parent=20180"}],"wp:term":[{"taxonomy":"category","embeddable":true,"href":"https:\/\/www.comunicatur.info\/es\/wp-json\/wp\/v2\/categories?post=20180"},{"taxonomy":"post_tag","embeddable":true,"href":"https:\/\/www.comunicatur.info\/es\/wp-json\/wp\/v2\/tags?post=20180"}],"curies":[{"name":"wp","href":"https:\/\/api.w.org\/{rel}","templated":true}]}}