{"id":20158,"date":"2022-04-10T17:22:08","date_gmt":"2022-04-10T15:22:08","guid":{"rendered":"https:\/\/www.comunicatur.info\/?p=20158"},"modified":"2022-04-10T17:26:45","modified_gmt":"2022-04-10T15:26:45","slug":"previsiones-de-ocupacion-de-un-80-en-semana-santa-en-el-destino-barcelona","status":"publish","type":"post","link":"https:\/\/www.comunicatur.info\/es\/previsiones-de-ocupacion-de-un-80-en-semana-santa-en-el-destino-barcelona\/","title":{"rendered":"Previsiones de ocupaci\u00f3n de un 80% en Semana Santa en el Destino Barcelona"},"content":{"rendered":"<p>Las previsiones tur\u00edsticas centradas en las reservas hoteleras, las b\u00fasquedas en Internet y la oferta de vuelos <strong>prev\u00e9n una recuperaci\u00f3n importante del sector<\/strong> y auguran una buena Semana Santa. La eliminaci\u00f3n de las principales restricciones\u00a0 de movilidad despu\u00e9s de las sexta oleada de la COVID-19 explican en gran parte esta recuperaci\u00f3n, que se empez\u00f3 a vislumbrar en febrero.<\/p>\n<p>Estas previsiones se han extra\u00eddo del estudio <strong>\u201cPerspectivas de actividad tur\u00edstica en el Destino Barcelona\u201d<\/strong>, elaborado por el Observatorio de Turismo en Barcelona y que present\u00f3 el viernes <strong>la diputada de Turismo de la Diputaci\u00f3n de Barcelona, Abigail Garrido<\/strong>.<\/p>\n<p><strong>Alojamientos:<\/strong> los principales datos que confirman esta esperada recuperaci\u00f3n hacen referencia a los establecimientos hoteleros y son los siguientes:<\/p>\n<ul>\n<li>Las reservas de hoteles se han situado en el 80,4% en la provincia de Barcelona, con una anticipaci\u00f3n de reserva de 26 d\u00edas.<\/li>\n<li>Las reservas internacionales superan a las nacionales en la provincia de Barcelona (excepto Barcelona ciudad) con un 54,5%.<\/li>\n<li>Barcelona ciudad: las reservas de hoteles llegan a un 86%, con una anticipaci\u00f3n de reserva de 29 d\u00edas.<\/li>\n<li>El turismo rural tiene una tendencia creciente, pero no parece que llegue a los m\u00e1ximos hist\u00f3ricos logrados el 2021. Apartamentos y campings tienen comportamientos similares a los del 2021.<\/li>\n<li>Booking concentra m\u00e1s de un cuarto de las reservas y se observa un aumento de la turoperaci\u00f3n despu\u00e9s de los dos a\u00f1os de ca\u00edda, seg\u00fan datos de la Confederaci\u00f3n Espa\u00f1ola de Hoteles y Alojamientos Tur\u00edsticos, que tambi\u00e9n ha observado un aumento de las reservas de \u00faltima hora, entre 8 y 30 d\u00edas antes.<\/li>\n<\/ul>\n<h4>Liderazgo en las b\u00fasquedas en Internet<\/h4>\n<figure id=\"attachment_20155\" aria-describedby=\"caption-attachment-20155\" style=\"width: 300px\" class=\"wp-caption alignright\"><img class=\"size-medium wp-image-20155\" src=\"https:\/\/www.comunicatur.info\/wp-content\/uploads\/2022\/04\/POSICIO-RANQUING-300x236.jpg\" alt=\"\" width=\"300\" height=\"236\" srcset=\"https:\/\/www.comunicatur.info\/wp-content\/uploads\/2022\/04\/POSICIO-RANQUING-300x236.jpg 300w, https:\/\/www.comunicatur.info\/wp-content\/uploads\/2022\/04\/POSICIO-RANQUING-1024x804.jpg 1024w, https:\/\/www.comunicatur.info\/wp-content\/uploads\/2022\/04\/POSICIO-RANQUING-768x603.jpg 768w, https:\/\/www.comunicatur.info\/wp-content\/uploads\/2022\/04\/POSICIO-RANQUING-600x471.jpg 600w, https:\/\/www.comunicatur.info\/wp-content\/uploads\/2022\/04\/POSICIO-RANQUING-1536x1206.jpg 1536w, https:\/\/www.comunicatur.info\/wp-content\/uploads\/2022\/04\/POSICIO-RANQUING-1320x1036.jpg 1320w, https:\/\/www.comunicatur.info\/wp-content\/uploads\/2022\/04\/POSICIO-RANQUING.jpg 1950w\" sizes=\"(max-width: 300px) 100vw, 300px\" \/><figcaption id=\"caption-attachment-20155\" class=\"wp-caption-text\">Inter\u00e9s de los mercados por Barcelona del 9 al 15 de marzo de 2022<\/figcaption><\/figure>\n<p>Tambi\u00e9n es bastante importante el posicionamiento logrado en las b\u00fasquedas de alojamiento en Google, porque los vol\u00famenes de <strong>b\u00fasqueda de los usuarios que monitoriza el LABturismo de la Diputaci\u00f3n de Barcelona<\/strong> ha detectado un repunte durante las \u00faltimas semanas, tanto en b\u00fasquedas de alojamiento como en productos tur\u00edsticos.<\/p>\n<p>Destacamos los principales datos detectados por el LABturismo:<\/p>\n<ul>\n<li>La ciudad de Barcelona ha conseguido el mejor posicionamiento por parte de los mercados espa\u00f1ol, italiano, franc\u00e9s, neerland\u00e9s, alem\u00e1n y brit\u00e1nico.<\/li>\n<li>El Destino Barcelona se sit\u00faa en el 9\u00ba lugar del ranking de destinos internacionales en b\u00fasquedas de alojamiento en Google. Tambi\u00e9n ocupa la 6\u00aa posici\u00f3n en vuelos a escala mundial.<\/li>\n<\/ul>\n<p>En b\u00fasquedas <strong>por productos tur\u00edsticos <\/strong>se han se\u00f1alado los t\u00e9rminos que tienen vol\u00famenes de b\u00fasqueda por encima del 2021 y tambi\u00e9n del 2019, que son \u00abbodega\u00bb, \u00abenoturismo\u00bb, \u00abrestaurante\u00bb y \u00abmuseo\u00bb.<\/p>\n<p>Otras palabras se encuentran por debajo de los datos del 2021, pero est\u00e1n en claro crecimiento, como \u00abautocaravana\u00bb, \u00abcicloturismo\u00bb y \u00abspa\u00bb.<\/p>\n<p>Hay tambi\u00e9n diferencias en la b\u00fasqueda de productos por pa\u00edses:<br \/>\n\u2022 En Francia destacan las b\u00fasquedas de \u00absenderismo\u00bb y \u00abmuseo\u00bb.<\/p>\n<ul>\n<li>En Alemania \u00abcamping\u00bb y \u00absenderismo\u00bb.<\/li>\n<li>En el Reino Unido destacan las b\u00fasquedas de \u00abplaya\u00bb, con cifras hist\u00f3ricas, a pesar de la \u00e9poca del a\u00f1o.<\/li>\n<\/ul>\n<p>En cuanto al nivel de <strong>la oferta de vuelos<\/strong>, seg\u00fan el informe de \u201cPerspectivas de actividad tur\u00edstica en el Destino Barcelona\u201d, la conectividad a\u00e9rea se est\u00e1 recuperando de forma desigual en todo el mundo. En Europa seguimos muy por debajo de los valores prepand\u00e9micos y se espera que se recupere durante el 2023. A pesar de esto, la oferta de vuelos y de demanda a\u00e9rea intraeuropea se est\u00e1 manteniendo en Semana Santa, incluso con la crisis de la guerra, y contin\u00faan creciendo de cara al verano.<\/p>\n<figure id=\"attachment_20152\" aria-describedby=\"caption-attachment-20152\" style=\"width: 300px\" class=\"wp-caption alignright\"><img class=\"size-medium wp-image-20152\" src=\"https:\/\/www.comunicatur.info\/wp-content\/uploads\/2022\/04\/abigail_3_alta-300x188.jpg\" alt=\"\" width=\"300\" height=\"188\" srcset=\"https:\/\/www.comunicatur.info\/wp-content\/uploads\/2022\/04\/abigail_3_alta-300x188.jpg 300w, https:\/\/www.comunicatur.info\/wp-content\/uploads\/2022\/04\/abigail_3_alta-1024x641.jpg 1024w, https:\/\/www.comunicatur.info\/wp-content\/uploads\/2022\/04\/abigail_3_alta-768x481.jpg 768w, https:\/\/www.comunicatur.info\/wp-content\/uploads\/2022\/04\/abigail_3_alta-600x376.jpg 600w, https:\/\/www.comunicatur.info\/wp-content\/uploads\/2022\/04\/abigail_3_alta.jpg 1180w\" sizes=\"(max-width: 300px) 100vw, 300px\" \/><figcaption id=\"caption-attachment-20152\" class=\"wp-caption-text\">La diputada de Turismo de la Diputaci\u00f3n de Barcelona, Abigail Garrido (en el centro), con Soledad Bravo, Gerente de Servicios de Turismo y Javier Villamayor, coordinador del \u00c1rea de Desarrollo Econ\u00f3mico, Turismo y Comercio durante la presentaci\u00f3n de las previsiones tur\u00edsticas en el Destino Barcelona para esta Semana Santa<\/figcaption><\/figure>\n<p>Por todos estos motivos, <strong>la diputada de Turismo de la Diputaci\u00f3n de Barcelona, Abigail Garrido<\/strong>, al presentar estas previsiones durante un encuentro informal con la prensa, dijo que <em>\u00ablos datos nos llenan de optimismo, nos auguran una buena Semana Santa y apuntan a la recuperaci\u00f3n del sector tur\u00edstico\u00bb.<\/em><\/p>\n<p>Tambi\u00e9n aprovech\u00f3 para recordar algunos de los proyectos que hacen que la provincia de Barcelona sea \u00abmucho m\u00e1s\u00bb, como dice su conocido eslogan, apoyando un turismo sostenible y comprometido con los Objetivos de Desarrollo Sostenible.<\/p>\n<p>Cit\u00f3 las<strong> Vies Blaves<\/strong>, que la semana pasada recibieron la visita de la propia Abigail Garrido junto al secretario de Estado de Turismo del Ministerio de Industria, Comercio y Turismo del Gobierno de Espa\u00f1a, <strong>Fernando Vald\u00e9s<\/strong> y el diputado de Infraestructuras y Espacios Naturales,<strong> Pere Pons. <\/strong>Recorrieron el tramo de unos 20 kil\u00f3metros de la Via Blava Anoia, que transcurre entre Vilanova del Cam\u00ed i Jorba. Hay que recordar que <a href=\"https:\/\/www.comunicatur.info\/es\/la-diputacion-de-barcelona-recibe-45-millones-de-euros-del-gobierno-central-para-las-vies-blaves\/\" target=\"_blank\" rel=\"noopener\">el Gobierno de Espa\u00f1a apoya este importante proyecto, tal y como recogi\u00f3 <strong>Comunicatur<\/strong> en el mes de enero.<\/a><\/p>\n<p>El otro proyecto de la Diputaci\u00f3n de Barcelona que destac\u00f3 es el de las <strong>\u00abRutas del vino de Barcelona\u00bb<\/strong>, recordando el \u00e9xito que tuvieron en Fitur y en la recientemente celebrada feria B-Travel. Garrido remarc\u00f3 que se trata <em>\u00abde una buena muestra de esta colaboraci\u00f3n entre las diferentes instituciones, puesto que de la mano de las DO Alella, Pla de Bages y Pened\u00e8s y la participaci\u00f3n de unas cuarenta bodegas de estas DO se quiere atraer nuevos p\u00fablicos en la ciudad y al resto de la provincia. Se ofrecen experiencias enotur\u00edsticas diversas y en diferentes idiomas; adem\u00e1s, tambi\u00e9n participan un gran n\u00famero de alojamientos, restaurantes, tiendas y empresas de actividades\u00bb.<\/em><\/p>\n<p>Finalmente la diputada de Turismo mencion\u00f3 <strong>la reflexi\u00f3n que se est\u00e1 haciendo sobre el uso de los espacios naturales<\/strong> y concretamente de los parques gestionados por la diputaci\u00f3n para evitar el uso nocivo de la masificaci\u00f3n que tuvieron el a\u00f1o pasado y que sorprendi\u00f3 a los gestores de parques como el Montseny.<\/p>\n","protected":false},"excerpt":{"rendered":"<p>Las previsiones tur\u00edsticas centradas en las reservas hoteleras, las b\u00fasquedas en Internet y la oferta de vuelos prev\u00e9n una recuperaci\u00f3n importante del sector y auguran una buena Semana Santa. La eliminaci\u00f3n de las principales restricciones\u00a0 de movilidad despu\u00e9s de las sexta oleada de la COVID-19 explican en gran parte esta recuperaci\u00f3n, que se empez\u00f3 a &hellip;<\/p>\n","protected":false},"author":408,"featured_media":20152,"comment_status":"closed","ping_status":"open","sticky":false,"template":"","format":"standard","meta":[],"categories":[62],"tags":[],"_links":{"self":[{"href":"https:\/\/www.comunicatur.info\/es\/wp-json\/wp\/v2\/posts\/20158"}],"collection":[{"href":"https:\/\/www.comunicatur.info\/es\/wp-json\/wp\/v2\/posts"}],"about":[{"href":"https:\/\/www.comunicatur.info\/es\/wp-json\/wp\/v2\/types\/post"}],"author":[{"embeddable":true,"href":"https:\/\/www.comunicatur.info\/es\/wp-json\/wp\/v2\/users\/408"}],"replies":[{"embeddable":true,"href":"https:\/\/www.comunicatur.info\/es\/wp-json\/wp\/v2\/comments?post=20158"}],"version-history":[{"count":2,"href":"https:\/\/www.comunicatur.info\/es\/wp-json\/wp\/v2\/posts\/20158\/revisions"}],"predecessor-version":[{"id":20160,"href":"https:\/\/www.comunicatur.info\/es\/wp-json\/wp\/v2\/posts\/20158\/revisions\/20160"}],"wp:featuredmedia":[{"embeddable":true,"href":"https:\/\/www.comunicatur.info\/es\/wp-json\/wp\/v2\/media\/20152"}],"wp:attachment":[{"href":"https:\/\/www.comunicatur.info\/es\/wp-json\/wp\/v2\/media?parent=20158"}],"wp:term":[{"taxonomy":"category","embeddable":true,"href":"https:\/\/www.comunicatur.info\/es\/wp-json\/wp\/v2\/categories?post=20158"},{"taxonomy":"post_tag","embeddable":true,"href":"https:\/\/www.comunicatur.info\/es\/wp-json\/wp\/v2\/tags?post=20158"}],"curies":[{"name":"wp","href":"https:\/\/api.w.org\/{rel}","templated":true}]}}