{"id":20145,"date":"2022-04-08T00:00:04","date_gmt":"2022-04-07T22:00:04","guid":{"rendered":"https:\/\/www.comunicatur.info\/?p=20145"},"modified":"2022-04-07T23:02:54","modified_gmt":"2022-04-07T21:02:54","slug":"el-turismo-del-futuro-sera-sostenible-o-no-sera","status":"publish","type":"post","link":"https:\/\/www.comunicatur.info\/es\/el-turismo-del-futuro-sera-sostenible-o-no-sera\/","title":{"rendered":"\u00abEl turismo del futuro ser\u00e1 sostenible o no ser\u00e1\u00bb"},"content":{"rendered":"<p><em><strong>\u201cRedescubrimos nuestros espacios naturales\u201d<\/strong><\/em> ha sido el lema el <a href=\"https:\/\/empresa.gencat.cat\/ca\/treb_ambits_actuacio\/turisme\/turisme_sostenible\/forum-ens-2022\" target=\"_blank\" rel=\"noopener\">III Foro de Ecoturismo, Naturaleza y Sostenibilidad<\/a> que ha reunido a 200 profesionales en Mollerusa (Lleida) y el Estany de Ivars el 6 y 7 de abril. Los asistentes han identificado una de las amenazas m\u00e1s importantes que debe combatir el turismo en los espacios naturales: la masificaci\u00f3n. En este sentido, se ha hablado de pasar de la fase de la ordenaci\u00f3n a la gesti\u00f3n como elemento para superar las amenazas.<\/p>\n<p><em><strong>\u201cCatalu\u00f1a quiere ser l\u00edder en el mercado del Ecoturismo\u201d<\/strong><\/em>. \u00c9ste es el objetivo que ha marcado la directora general de Turismo, Marta Dom\u00e8nech, durante la celebraci\u00f3n del III Foro ENS. <em><strong>\u201cPretendemos definir un plan de acciones que siga poniendo en valor el ecoturismo en Catalu\u00f1a y posicionando el destino como un territorio que vela por preservar sus espacios naturales y promueve un descubrimiento sostenible y regenerativo. El Plan de Ecoturismo plantea retos y nuevos objetivos que permiten redescubrir los espacios naturales de una forma sostenible y responsable, saludable, inclusiva y guiada\u201d<\/strong><\/em>, ha declarado.<\/p>\n<p>Quien no contemple en su propuesta de valor el modelo de turismo responsable, ambientalmente sostenible y socialmente inclusivo dif\u00edcilmente tendr\u00e1 recorrido, ha defendido Dom\u00e8nech, quien ha afirmado que <em><strong>\u00abel turismo del futuro ser\u00e1 sostenible o no ser\u00e1\u00bb<\/strong><\/em>. As\u00ed, como l\u00ednea maestra de futuro la directora general ha identificado la sostenibilidad como uno de los retos del nuevo modelo tur\u00edstico de Catalu\u00f1a; <em><strong>\u00abun modelo tur\u00edstico catal\u00e1n transformador, regenerativo y circular que apostar\u00e1 claramente por fomentar un turismo m\u00e1s \u00e9tico, innovador y responsable\u00bb<\/strong><\/em>, ha concluido.<\/p>\n<p>La Organizaci\u00f3n Mundial del Turismo (OMT) calcula que un 20% del turismo a nivel global es ecoturismo o turismo en entorno natural. Por su parte, la Ag\u00e8ncia Catalana de Turisme define el perfil del ecoturista que visita Catalu\u00f1a el de una persona de entre 30 y 50 a\u00f1os, que aprecia el entorno natural, realiza rutas y visitas guiadas (tanto en la naturaleza como en recursos culturales) y busca experiencias relacionadas con la flora y la fauna de la zona. Se aloja en hoteles y casas de turismo rural y suelen realizar estancias de entre 2 y 4 noches en el destino. Suelen ser parejas o familias con hijos, procedentes principalmente de Catalu\u00f1a, pero tambi\u00e9n del resto de Espa\u00f1a, Francia, Alemania, el Benelux y los pa\u00edses n\u00f3rdicos.<\/p>\n","protected":false},"excerpt":{"rendered":"<p>\u201cRedescubrimos nuestros espacios naturales\u201d ha sido el lema el III Foro de Ecoturismo, Naturaleza y Sostenibilidad que ha reunido a 200 profesionales en Mollerusa (Lleida) y el Estany de Ivars el 6 y 7 de abril. Los asistentes han identificado una de las amenazas m\u00e1s importantes que debe combatir el turismo en los espacios naturales: &hellip;<\/p>\n","protected":false},"author":408,"featured_media":20143,"comment_status":"closed","ping_status":"open","sticky":false,"template":"","format":"standard","meta":[],"categories":[63],"tags":[],"_links":{"self":[{"href":"https:\/\/www.comunicatur.info\/es\/wp-json\/wp\/v2\/posts\/20145"}],"collection":[{"href":"https:\/\/www.comunicatur.info\/es\/wp-json\/wp\/v2\/posts"}],"about":[{"href":"https:\/\/www.comunicatur.info\/es\/wp-json\/wp\/v2\/types\/post"}],"author":[{"embeddable":true,"href":"https:\/\/www.comunicatur.info\/es\/wp-json\/wp\/v2\/users\/408"}],"replies":[{"embeddable":true,"href":"https:\/\/www.comunicatur.info\/es\/wp-json\/wp\/v2\/comments?post=20145"}],"version-history":[{"count":3,"href":"https:\/\/www.comunicatur.info\/es\/wp-json\/wp\/v2\/posts\/20145\/revisions"}],"predecessor-version":[{"id":20148,"href":"https:\/\/www.comunicatur.info\/es\/wp-json\/wp\/v2\/posts\/20145\/revisions\/20148"}],"wp:featuredmedia":[{"embeddable":true,"href":"https:\/\/www.comunicatur.info\/es\/wp-json\/wp\/v2\/media\/20143"}],"wp:attachment":[{"href":"https:\/\/www.comunicatur.info\/es\/wp-json\/wp\/v2\/media?parent=20145"}],"wp:term":[{"taxonomy":"category","embeddable":true,"href":"https:\/\/www.comunicatur.info\/es\/wp-json\/wp\/v2\/categories?post=20145"},{"taxonomy":"post_tag","embeddable":true,"href":"https:\/\/www.comunicatur.info\/es\/wp-json\/wp\/v2\/tags?post=20145"}],"curies":[{"name":"wp","href":"https:\/\/api.w.org\/{rel}","templated":true}]}}