{"id":20040,"date":"2022-03-30T00:00:11","date_gmt":"2022-03-29T22:00:11","guid":{"rendered":"https:\/\/www.comunicatur.info\/?p=20040"},"modified":"2022-03-29T12:52:04","modified_gmt":"2022-03-29T10:52:04","slug":"la-costa-daurada-impulsa-el-turismo-deportivo-gracias-a-diferentes-acciones-de-posicionamiento-de-marca","status":"publish","type":"post","link":"https:\/\/www.comunicatur.info\/es\/la-costa-daurada-impulsa-el-turismo-deportivo-gracias-a-diferentes-acciones-de-posicionamiento-de-marca\/","title":{"rendered":"La Costa Daurada impulsa el turismo deportivo gracias a diferentes acciones de posicionamiento de marca"},"content":{"rendered":"<h4>Acuerdo con el equipo de f\u00fatbol femenino del Manchester City<\/h4>\n<p>La Costa Daurada ha impulsado este acuerdo de patrocinio mediante un convenio que se enmarca en <strong>el Plan Conjunto de Promoci\u00f3n donde participan los patronatos de turismo de la Diputaci\u00f3n de Tarragona Costa Daurada, Salou, Cambrils y Vila-seca y tambi\u00e9n la Federaci\u00f3n Empresarial de Hosteler\u00eda y Turismo de la provincia de Tarragona (FEHT).<\/strong><br \/>\nDe esta manera la Costa Daurada se ha convertido en partner oficial del Manchester City Women\u2019s Football Club.<br \/>\nEl acuerdo es por las temporadas 21-22 y 22-23 e incluye varias acciones como por ejemplo:<\/p>\n<figure id=\"attachment_20034\" aria-describedby=\"caption-attachment-20034\" style=\"width: 214px\" class=\"wp-caption alignright\"><img class=\"size-medium wp-image-20034\" src=\"https:\/\/www.comunicatur.info\/wp-content\/uploads\/2022\/03\/ActeManchester-214x300.jpg\" alt=\"\" width=\"214\" height=\"300\" srcset=\"https:\/\/www.comunicatur.info\/wp-content\/uploads\/2022\/03\/ActeManchester-214x300.jpg 214w, https:\/\/www.comunicatur.info\/wp-content\/uploads\/2022\/03\/ActeManchester-731x1024.jpg 731w, https:\/\/www.comunicatur.info\/wp-content\/uploads\/2022\/03\/ActeManchester-768x1076.jpg 768w, https:\/\/www.comunicatur.info\/wp-content\/uploads\/2022\/03\/ActeManchester-600x841.jpg 600w, https:\/\/www.comunicatur.info\/wp-content\/uploads\/2022\/03\/ActeManchester.jpg 800w\" sizes=\"(max-width: 214px) 100vw, 214px\" \/><figcaption id=\"caption-attachment-20034\" class=\"wp-caption-text\">Acto presentaci\u00f3n del acuerdo con el City. Gavin Makel Managing Director del Manchester City\u00a0 Women\u2019s Football Club, Presidenta del Patronato de Turismo de la Diputaci\u00f3n de Tarragona, Meritxell Roig\u00e9 y Directora del Patronato de Turismo de la Diputaci\u00f3n de Tarragona, Marta Farrero<\/figcaption><\/figure>\n<ul>\n<li>Emisi\u00f3n del logotipo del Plan Conjunto de Promoci\u00f3n en las vallas LED perimetrales alrededor del estadio durante todos los partidos de la FA Women\u2019s Super League que el City juegue en casa.<\/li>\n<li>Publicaci\u00f3n del logotipo en la sala de prensa durante los pre y post partidos.<\/li>\n<li>Publicaciones en las redes sociales del club y contenidos conjuntos.<\/li>\n<li>Realizaci\u00f3n de un sorteo entre los aficionados del club que les permitir\u00e1 visitar la Costa Daurada.<\/li>\n<li><em>Stage<\/em> en la Costa Daurada del primer equipo de f\u00fatbol femenino del Manchester City cada temporada. El primero ser\u00e1 del 25 al 29 de abril en las instalaciones del Futbol Salou Sports Center.<\/li>\n<li>La Costa Daurada podr\u00e1 hacer uso de materiales gr\u00e1ficos del club en acciones de marketing y publicidad.<\/li>\n<\/ul>\n<p>En la presentaci\u00f3n del acuerdo, la presidenta del Patronato de Turismo de la Diputaci\u00f3n de Tarragona, <strong>Mertixell Roig\u00e9,<\/strong> dijo que <em>\u00abes un extraordinario escaparate para un mercado internacional estrat\u00e9gico como es el brit\u00e1nico. Para la Costa Daurada es especialmente importante posicionarnos en este mercado en un ejercicio en que esperamos que se reactive la llegada de turistas del Reino Unido. Es un p\u00fablico que est\u00e1 mostrando mucho inter\u00e9s para volver a visitarnos y que, junto con el franc\u00e9s, es el principal mercado emisor internacional\u00bb.<\/em><\/p>\n<h4>Acuerdo para rebautizar el campo de f\u00fatbol del N\u00e0stic como Nou Estadi Costa Daurada<\/h4>\n<p>Siguiendo con el f\u00fatbol, pero ahora con el punto de vista puesto en el mercado estatal, el Patronato de Turismo de la Diputaci\u00f3n de Tarragona y el club tarraconense de f\u00fatbol han acordado una serie de acciones entre las cuales destaca el cambio de nombre del estadio, que pasar\u00e1 a llamarse Nou Estadi Costa Daurada. La marca tambi\u00e9n estar\u00e1 en diferentes espacios f\u00edsicos de las instalaciones del club, que recordamos, es centenario.<\/p>\n<h4>Espaldarazo al Torneo Internacional Estrella Damm Reus-Costa Daurada Open del World Padel Tour 2022<\/h4>\n<figure id=\"attachment_20032\" aria-describedby=\"caption-attachment-20032\" style=\"width: 300px\" class=\"wp-caption alignright\"><img class=\"size-medium wp-image-20032\" src=\"https:\/\/www.comunicatur.info\/wp-content\/uploads\/2022\/03\/Padel1-300x179.jpg\" alt=\"\" width=\"300\" height=\"179\" srcset=\"https:\/\/www.comunicatur.info\/wp-content\/uploads\/2022\/03\/Padel1-300x179.jpg 300w, https:\/\/www.comunicatur.info\/wp-content\/uploads\/2022\/03\/Padel1-768x459.jpg 768w, https:\/\/www.comunicatur.info\/wp-content\/uploads\/2022\/03\/Padel1-600x359.jpg 600w, https:\/\/www.comunicatur.info\/wp-content\/uploads\/2022\/03\/Padel1.jpg 801w\" sizes=\"(max-width: 300px) 100vw, 300px\" \/><figcaption id=\"caption-attachment-20032\" class=\"wp-caption-text\">Imagen del Pabell\u00f3n Ol\u00edmpico de Reus, sede del World Padel Tour<\/figcaption><\/figure>\n<p>El Patronato de Turismo Costa Daurada ha colaborado de manera destacada en <strong>esta prueba del circuito mundial de p\u00e1del<\/strong> que tuvo lugar en el Pabell\u00f3n Ol\u00edmpico de Reus entre el 8 y el 13 de marzo. La marca estuvo muy presente, tanto en el recinto de los partidos como en el <em>village<\/em> que se instal\u00f3 especialmente durante los d\u00edas del torneo.<br \/>\n<strong>Noem\u00ed Llaurad\u00f3<\/strong>, presidenta de la Diputaci\u00f3n de Tarragona, present\u00f3 la prueba a los medios de comunicaci\u00f3n en el edificio modernista Casa Nav\u00e0s y destac\u00f3 la importancia del torneo <em>\u00abcomo contribuci\u00f3n a la reactivaci\u00f3n del turismo, el comercio, los servicios y la econom\u00eda en general de Reus y del conjunto de la demarcaci\u00f3n\u00bb<\/em>.<\/p>\n<h4>La Costa Daurada protagonista de la sexta etapa de la Volta Ciclista a Catalu\u00f1a<\/h4>\n<p>La Volta Ciclista a Catalu\u00f1a que se llev\u00f3 a cabo la semana pasada, tuvo una etapa que se desarroll\u00f3 \u00edntegramente en la demarcaci\u00f3n. <strong>La sexta etapa, de 167,6 km con salida en Salou y llegada a Cambrils recorri\u00f3 una veintena de municipios de la provincia.<\/strong><br \/>\nEl acuerdo del Patronato de Turismo de la Diputaci\u00f3n de Tarragona con la prueba incluy\u00f3 diferentes contenidos y materiales sobre la Costa Daurada y su imagen han estado presentes de manera relevante en el libro de la ruta oficial, la web y las diferentes plataformas de difusi\u00f3n, redes sociales, vallas publicitarias y otros soportes publicitarios. Entre estas acciones destaca <strong>el nombre oficial de la sexta etapa, que fue \u00abCosta Daurada Salou \u2013 Cambrils\u00bb.<\/strong> Adem\u00e1s, la quinta etapa, en su recorrido tambi\u00e9n pas\u00f3 por tierras tarraconenses. La Volta es la tercera prueba por etapas m\u00e1s antigua del mundo, despu\u00e9s del Tour y el Giro. Este a\u00f1o ha llegado a la 101\u00aa edici\u00f3n y pertenece a la UCI World Tour 2022, el m\u00e1ximo calendario ciclista mundial. La competici\u00f3n se ha retransmitido a 190 pa\u00edses de todo el mundo. El acuerdo continuar\u00e1 <strong>en la pr\u00f3xima edici\u00f3n, donde habr\u00e1 una etapa en las Terres de l\u2019Ebre.<\/strong><\/p>\n<p>La vinculaci\u00f3n de la Costa Daurada con el deporte viene de lejos, gracias al buen clima de la zona, que permite hacer actividades al aire libre todo el a\u00f1o. Tambi\u00e9n por su geograf\u00eda, que posibilita la pr\u00e1ctica desde deportes n\u00e1uticos hasta la escalada o la espeleolog\u00eda, pasando por el senderismo, el BTT y el cicloturismo o el golf. Y finalmente por sus instalaciones, que han posibilitado que l<strong>a Agencia Catalana de Turismo haya otorgado la marca de Turismo Deportivo a las localidades de Cambrils y Salou en la Costa Daurada y Amposta y L\u2019Ametlla de Mar en las Terres de l\u2019Ebre.<\/strong><\/p>\n<p>Ten\u00e9is m\u00e1s informaci\u00f3n sobre la vinculaci\u00f3n de la Costa Daurada y el deporte en l<a href=\"https:\/\/costadaurada.info\/es\/actividades\/deportes\" target=\"_blank\" rel=\"noopener\">a web del Patronato.\u00a0 <\/a><\/p>\n","protected":false},"excerpt":{"rendered":"<p>Acuerdo con el equipo de f\u00fatbol femenino del Manchester City La Costa Daurada ha impulsado este acuerdo de patrocinio mediante un convenio que se enmarca en el Plan Conjunto de Promoci\u00f3n donde participan los patronatos de turismo de la Diputaci\u00f3n de Tarragona Costa Daurada, Salou, Cambrils y Vila-seca y tambi\u00e9n la Federaci\u00f3n Empresarial de Hosteler\u00eda &hellip;<\/p>\n","protected":false},"author":408,"featured_media":20030,"comment_status":"closed","ping_status":"open","sticky":false,"template":"","format":"standard","meta":[],"categories":[62],"tags":[],"_links":{"self":[{"href":"https:\/\/www.comunicatur.info\/es\/wp-json\/wp\/v2\/posts\/20040"}],"collection":[{"href":"https:\/\/www.comunicatur.info\/es\/wp-json\/wp\/v2\/posts"}],"about":[{"href":"https:\/\/www.comunicatur.info\/es\/wp-json\/wp\/v2\/types\/post"}],"author":[{"embeddable":true,"href":"https:\/\/www.comunicatur.info\/es\/wp-json\/wp\/v2\/users\/408"}],"replies":[{"embeddable":true,"href":"https:\/\/www.comunicatur.info\/es\/wp-json\/wp\/v2\/comments?post=20040"}],"version-history":[{"count":2,"href":"https:\/\/www.comunicatur.info\/es\/wp-json\/wp\/v2\/posts\/20040\/revisions"}],"predecessor-version":[{"id":20042,"href":"https:\/\/www.comunicatur.info\/es\/wp-json\/wp\/v2\/posts\/20040\/revisions\/20042"}],"wp:featuredmedia":[{"embeddable":true,"href":"https:\/\/www.comunicatur.info\/es\/wp-json\/wp\/v2\/media\/20030"}],"wp:attachment":[{"href":"https:\/\/www.comunicatur.info\/es\/wp-json\/wp\/v2\/media?parent=20040"}],"wp:term":[{"taxonomy":"category","embeddable":true,"href":"https:\/\/www.comunicatur.info\/es\/wp-json\/wp\/v2\/categories?post=20040"},{"taxonomy":"post_tag","embeddable":true,"href":"https:\/\/www.comunicatur.info\/es\/wp-json\/wp\/v2\/tags?post=20040"}],"curies":[{"name":"wp","href":"https:\/\/api.w.org\/{rel}","templated":true}]}}