{"id":2002,"date":"2010-01-20T00:00:00","date_gmt":"2010-01-20T00:00:00","guid":{"rendered":"https:\/\/comunicatur.info\/el-turisme-passara-dun-mal-2009-a-un-menys-dolent-2010-2\/"},"modified":"2010-01-20T00:00:00","modified_gmt":"2010-01-20T00:00:00","slug":"el-turisme-passara-dun-mal-2009-a-un-menys-dolent-2010-2","status":"publish","type":"post","link":"https:\/\/www.comunicatur.info\/es\/el-turisme-passara-dun-mal-2009-a-un-menys-dolent-2010-2\/","title":{"rendered":"El turismo pasar\u00e1 de un mal 2009 a un menos malo 2010"},"content":{"rendered":"<p>Las previsiones realizadas por Exceltur indican que las empresas tur\u00edsticas espa\u00f1olas son moderadamente optimistas con sus expectativas de resultados para 2010 aunque las estimaciones marcan una desaceleraci\u00f3n del PIB Tur\u00edstico cercano a -1% este mismo a\u00f1o. <\/p>\n<p> <\/p>\n<p>Los datos de Exceltur indican que el sector tur\u00edstico espa\u00f1ol ha sufrido en 2009 los efectos de la crisis con mayor intensidad que el conjunto de la econom\u00eda espa\u00f1ola. El PIB tur\u00edstico ha disminuido el \u00faltimo a\u00f1o entre un 5 y un 6% mientras que la ca\u00edda de la econom\u00eda se estima en un -3,7%. Para Exceltur \u201clas empresas tur\u00edsticas espa\u00f1olas han experimentado en 2009 una dr\u00e1stica reducci\u00f3n de sus m\u00e1rgenes y beneficios\u201d que se suma a la ca\u00edda ya experimentada a partir del segundo semestre de 2008. <\/p>\n<p>Exceltur (Alianza para la Excelencia Tur\u00edstica) ha querido recordar que se trata del noveno a\u00f1o consecutivo en el que el turismo se comporta peor que el conjunto de la econom\u00eda espa\u00f1ola. Estos datos para la Alianza, \u201cdenota que los problemas del sector tur\u00edstico espa\u00f1ol no se derivan s\u00f3lo de los efectos de la crisis, sino de la p\u00e9rdida creciente de competitividad estructural de una parte de nuestra oferta\u201d. <\/p>\n<p>Las expectativas son de moderaci\u00f3n de los ritmos de ca\u00edda de la demanda tur\u00edstica &#8211;tanto de turismo vacacional como de negocios&#8211;. La desaceleraci\u00f3n ya ha empezado a percibirse en el \u00faltimo trimestre de 2009. El estudio de previsiones indica que 2010 ser\u00e1 testigo de m\u00e1s procesos de reajuste empresarial en el sector (alianzas, concentraciones, o cierres de negocio), que podr\u00e1n ser m\u00e1s intensos si no se resuelven problemas como las dificultades en el acceso al cr\u00e9dito o de refinanciaci\u00f3n de pr\u00e9stamos. <\/p>\n<p><b>Balance empresarial del a\u00f1o tur\u00edstico 2009<\/b><\/p>\n<p>El estudio sobre el balance del a\u00f1o tur\u00edstico de Exceltur tambi\u00e9n destaca que el 84,5% de las empresas tur\u00edsticas espa\u00f1olas han experimentado un descenso en los beneficios, un 71,4% de intensidad superior al -10% y un 39,2% incluso por encima del -20%. Las agencias de viajes espa\u00f1olas, los hoteles urbanos y las peque\u00f1as empresas de alquiler de coches son los que m\u00e1s han sufrido en este a\u00f1o 2009 por la ca\u00edda de la demanda y la guerra de precios. <\/p>\n<p>El turismo extranjero hacia Espa\u00f1a se contrajo de manera importante; las pernoctaciones en alojamientos reglados cay\u00f3 un -10,6%, seg\u00fan el INE, y los ingresos reales por turismo extranjero de la Balanza de Pagos un -9,6%. La demanda alemana y brit\u00e1nica hacia Espa\u00f1a se desploma en 2009 (pierden a partes iguales m\u00e1s de 4,5 millones de pernoctaciones hoteleras, con tasas de ca\u00edda por encima del -11,0%), acompa\u00f1ada de la de los Pa\u00edses del Este (-18,8%) y de Italia (-15,3%). S\u00f3lo el turismo procedente de los Estados Unido cierra el a\u00f1o por encima de los niveles del pasado a\u00f1o (+4,5%).<\/p>\n","protected":false},"excerpt":{"rendered":"<p>Las previsiones realizadas por Exceltur indican que las empresas tur\u00edsticas espa\u00f1olas son moderadamente optimistas con sus expectativas de resultados para 2010 aunque las estimaciones marcan una desaceleraci\u00f3n del PIB Tur\u00edstico cercano a -1% este mismo a\u00f1o. <\/p>\n","protected":false},"author":1,"featured_media":0,"comment_status":"close","ping_status":"open","sticky":false,"template":"","format":"standard","meta":[],"categories":[35],"tags":[],"_links":{"self":[{"href":"https:\/\/www.comunicatur.info\/es\/wp-json\/wp\/v2\/posts\/2002"}],"collection":[{"href":"https:\/\/www.comunicatur.info\/es\/wp-json\/wp\/v2\/posts"}],"about":[{"href":"https:\/\/www.comunicatur.info\/es\/wp-json\/wp\/v2\/types\/post"}],"author":[{"embeddable":true,"href":"https:\/\/www.comunicatur.info\/es\/wp-json\/wp\/v2\/users\/1"}],"replies":[{"embeddable":true,"href":"https:\/\/www.comunicatur.info\/es\/wp-json\/wp\/v2\/comments?post=2002"}],"version-history":[{"count":0,"href":"https:\/\/www.comunicatur.info\/es\/wp-json\/wp\/v2\/posts\/2002\/revisions"}],"wp:attachment":[{"href":"https:\/\/www.comunicatur.info\/es\/wp-json\/wp\/v2\/media?parent=2002"}],"wp:term":[{"taxonomy":"category","embeddable":true,"href":"https:\/\/www.comunicatur.info\/es\/wp-json\/wp\/v2\/categories?post=2002"},{"taxonomy":"post_tag","embeddable":true,"href":"https:\/\/www.comunicatur.info\/es\/wp-json\/wp\/v2\/tags?post=2002"}],"curies":[{"name":"wp","href":"https:\/\/api.w.org\/{rel}","templated":true}]}}