{"id":19999,"date":"2022-03-24T00:00:55","date_gmt":"2022-03-23T22:00:55","guid":{"rendered":"https:\/\/www.comunicatur.info\/?p=19999"},"modified":"2022-03-23T20:48:02","modified_gmt":"2022-03-23T18:48:02","slug":"el-rent-a-car-en-espana-puede-crecer-un-60","status":"publish","type":"post","link":"https:\/\/www.comunicatur.info\/es\/el-rent-a-car-en-espana-puede-crecer-un-60\/","title":{"rendered":"El \u2018rent a car\u2019 en Espa\u00f1a puede crecer un 60%"},"content":{"rendered":"<p>Tras la pandemia el sector de \u2018rent a car\u2019 puede pasar de facturar los 900 millones de euros de 2021 a m\u00e1s de 1.400 este mismo a\u00f1o. El 85% de la actividad de las empresas de alquiler de veh\u00edculos est\u00e1 relacionada con el turismo.<\/p>\n<p>Se trata de un incremento del 60% que situar\u00eda la cifra de negocio m\u00e1s cerca de la obtenida en \u00e9poca precovid. Concretamente en 2019 el sector factur\u00f3 1.800 millones de euros. El buen comportamiento que se prev\u00e9 para este a\u00f1o no se traduce en el n\u00famero de veh\u00edculos que la patronal pone a disposici\u00f3n de la demanda. En el 2019 las empresas de alquiler de veh\u00edculos ofrec\u00edan 820.000 unidades mientras que la flota actual es de unos 340.000 veh\u00edculos y este ejercicio no llegar\u00e1 a superar los 560.000 coches.<\/p>\n<p>El sector no est\u00e1 renovando las flotas. El parque m\u00f3vil de las \u2018rent a car\u2019 en Espa\u00f1a tiene una edad media de unos cuatro a\u00f1os y medio. Estimaciones de la Federaci\u00f3n Nacional Empresarial de Alquiler de Veh\u00edculos Con y Sin Conductor (Feneval) alerta que faltan coches para este verano y en parte lo achaca a la escasez de microchips que afecta a los fabricantes del sector de la automoci\u00f3n. Los fabricantes est\u00e1n suministrando menos coches a las operadoras de flotas de alquiler.<\/p>\n<p>En cuanto a la flota, Fenaval concreta que cerca del 27% de las unidades ofertadas ser\u00e1n h\u00edbridos e h\u00edbridos enchufables (los coches completamente el\u00e9ctricos en alquiler no superan el 1% de la oferta).<br \/>\n<ins class='dcmads' style='display:inline-block;width:566px;height:70px'\n    data-dcm-placement='N1135133.4454598COMUNICATUR\/B27446624.331312628'\n    data-dcm-rendering-mode='script'\n    data-dcm-https-only\n    data-dcm-gdpr-applies='gdpr=${GDPR}'\n    data-dcm-gdpr-consent='gdpr_consent=${GDPR_CONSENT_755}'\n    data-dcm-addtl-consent='addtl_consent=${ADDTL_CONSENT}'\n    data-dcm-ltd='false'\n    data-dcm-resettable-device-id=''\n    data-dcm-app-id=''><br \/>\n  <script src='https:\/\/www.googletagservices.com\/dcm\/dcmads.js'><\/script><br \/>\n<\/ins><\/p>\n","protected":false},"excerpt":{"rendered":"<p>Tras la pandemia el sector de \u2018rent a car\u2019 puede pasar de facturar los 900 millones de euros de 2021 a m\u00e1s de 1.400 este mismo a\u00f1o. El 85% de la actividad de las empresas de alquiler de veh\u00edculos est\u00e1 relacionada con el turismo. Se trata de un incremento del 60% que situar\u00eda la cifra &hellip;<\/p>\n","protected":false},"author":408,"featured_media":19997,"comment_status":"closed","ping_status":"open","sticky":false,"template":"","format":"standard","meta":[],"categories":[61],"tags":[],"_links":{"self":[{"href":"https:\/\/www.comunicatur.info\/es\/wp-json\/wp\/v2\/posts\/19999"}],"collection":[{"href":"https:\/\/www.comunicatur.info\/es\/wp-json\/wp\/v2\/posts"}],"about":[{"href":"https:\/\/www.comunicatur.info\/es\/wp-json\/wp\/v2\/types\/post"}],"author":[{"embeddable":true,"href":"https:\/\/www.comunicatur.info\/es\/wp-json\/wp\/v2\/users\/408"}],"replies":[{"embeddable":true,"href":"https:\/\/www.comunicatur.info\/es\/wp-json\/wp\/v2\/comments?post=19999"}],"version-history":[{"count":1,"href":"https:\/\/www.comunicatur.info\/es\/wp-json\/wp\/v2\/posts\/19999\/revisions"}],"predecessor-version":[{"id":20000,"href":"https:\/\/www.comunicatur.info\/es\/wp-json\/wp\/v2\/posts\/19999\/revisions\/20000"}],"wp:featuredmedia":[{"embeddable":true,"href":"https:\/\/www.comunicatur.info\/es\/wp-json\/wp\/v2\/media\/19997"}],"wp:attachment":[{"href":"https:\/\/www.comunicatur.info\/es\/wp-json\/wp\/v2\/media?parent=19999"}],"wp:term":[{"taxonomy":"category","embeddable":true,"href":"https:\/\/www.comunicatur.info\/es\/wp-json\/wp\/v2\/categories?post=19999"},{"taxonomy":"post_tag","embeddable":true,"href":"https:\/\/www.comunicatur.info\/es\/wp-json\/wp\/v2\/tags?post=19999"}],"curies":[{"name":"wp","href":"https:\/\/api.w.org\/{rel}","templated":true}]}}