{"id":19960,"date":"2022-03-21T00:00:02","date_gmt":"2022-03-20T22:00:02","guid":{"rendered":"https:\/\/www.comunicatur.info\/?p=19960"},"modified":"2022-03-21T15:49:14","modified_gmt":"2022-03-21T13:49:14","slug":"oxigeno-para-financiar-los-erte-del-turismo","status":"publish","type":"post","link":"https:\/\/www.comunicatur.info\/es\/oxigeno-para-financiar-los-erte-del-turismo\/","title":{"rendered":"\u00d3xigeno para financiar los ERTE del turismo"},"content":{"rendered":"<p>Tal y como exig\u00eda el sector tur\u00edstico e informamos en Comunicatur e<a href=\"https:\/\/www.comunicatur.info\/es\/el-sector-de-les-agencies-tindra-un-erto-especific\/\" target=\"_blank\" rel=\"noopener\">l gobierno ha activado el mecanismo que recoge la nueva reforma laboral para ayudar a las empresas que necesiten aplicar un Expediente de Regulaci\u00f3n Temporal de Empleo ERTE Red.<\/a> Los fondos creados para estos ERTE se podr\u00e1n activar inmediatamente y permitir\u00e1n exoneraciones en las cuotas de la Seguridad Social de hasta el 40% y prestaciones a los trabajadores.<\/p>\n<p>Se pueden acoger las empresas de los sectores que han sufrido cambios estructurales. Por ahora solo las agencias de viajes pueden acogerse a este prop\u00f3sito y <a href=\"https:\/\/www.comunicatur.info\/es\/la-nueva-prorroga-de-los-erte-da-un-respiro-al-llegar-febrero-de-2022\/\" target=\"_blank\" rel=\"noopener\">lo podr\u00e1n aplicar a partir del 1 de abril cuando venzan los ERTE sujetos a la anterior modalidad.<\/a> Una de las claves introducidas en la reforma laboral para las empresas que quieran adherirse a los ERTEs Red es la obligaci\u00f3n de presentar un plan de formaci\u00f3n para los trabajadores acogidos.<\/p>\n<p>La duraci\u00f3n m\u00e1xima de estos ERTE ser\u00e1 de un a\u00f1o, con la posibilidad de dos pr\u00f3rrogas de seis meses cada una.<\/p>\n<p>Con motivo de la guerra en Ucrania, el gobierno abre la puerta a que otras empresas afectadas puedan considerarse beneficiarias del mecanismo, aunque mientras estudian que sectores cumplen con los requisitos, el \u00fanico que lo tiene garantizado son las agencias de viajes.<br \/>\n<ins class=\"dcmads\" style=\"display: inline-block; width: 566px; height: 70px;\" data-dcm-placement=\"N1135133.4454598COMUNICATUR\/B27446624.331312628\" data-dcm-rendering-mode=\"script\" data-dcm-https-only=\"\" data-dcm-gdpr-applies=\"gdpr=${GDPR}\" data-dcm-gdpr-consent=\"gdpr_consent=${GDPR_CONSENT_755}\" data-dcm-addtl-consent=\"addtl_consent=${ADDTL_CONSENT}\" data-dcm-ltd=\"false\" data-dcm-resettable-device-id=\"\" data-dcm-app-id=\"\"><br \/>\n<script src='https:\/\/www.googletagservices.com\/dcm\/dcmads.js'><\/script><br \/>\n<\/ins><\/p>\n","protected":false},"excerpt":{"rendered":"<p>Tal y como exig\u00eda el sector tur\u00edstico e informamos en Comunicatur el gobierno ha activado el mecanismo que recoge la nueva reforma laboral para ayudar a las empresas que necesiten aplicar un Expediente de Regulaci\u00f3n Temporal de Empleo ERTE Red. Los fondos creados para estos ERTE se podr\u00e1n activar inmediatamente y permitir\u00e1n exoneraciones en las &hellip;<\/p>\n","protected":false},"author":408,"featured_media":19957,"comment_status":"closed","ping_status":"open","sticky":false,"template":"","format":"standard","meta":[],"categories":[61],"tags":[],"_links":{"self":[{"href":"https:\/\/www.comunicatur.info\/es\/wp-json\/wp\/v2\/posts\/19960"}],"collection":[{"href":"https:\/\/www.comunicatur.info\/es\/wp-json\/wp\/v2\/posts"}],"about":[{"href":"https:\/\/www.comunicatur.info\/es\/wp-json\/wp\/v2\/types\/post"}],"author":[{"embeddable":true,"href":"https:\/\/www.comunicatur.info\/es\/wp-json\/wp\/v2\/users\/408"}],"replies":[{"embeddable":true,"href":"https:\/\/www.comunicatur.info\/es\/wp-json\/wp\/v2\/comments?post=19960"}],"version-history":[{"count":5,"href":"https:\/\/www.comunicatur.info\/es\/wp-json\/wp\/v2\/posts\/19960\/revisions"}],"predecessor-version":[{"id":19978,"href":"https:\/\/www.comunicatur.info\/es\/wp-json\/wp\/v2\/posts\/19960\/revisions\/19978"}],"wp:featuredmedia":[{"embeddable":true,"href":"https:\/\/www.comunicatur.info\/es\/wp-json\/wp\/v2\/media\/19957"}],"wp:attachment":[{"href":"https:\/\/www.comunicatur.info\/es\/wp-json\/wp\/v2\/media?parent=19960"}],"wp:term":[{"taxonomy":"category","embeddable":true,"href":"https:\/\/www.comunicatur.info\/es\/wp-json\/wp\/v2\/categories?post=19960"},{"taxonomy":"post_tag","embeddable":true,"href":"https:\/\/www.comunicatur.info\/es\/wp-json\/wp\/v2\/tags?post=19960"}],"curies":[{"name":"wp","href":"https:\/\/api.w.org\/{rel}","templated":true}]}}