{"id":19934,"date":"2022-03-16T00:00:19","date_gmt":"2022-03-15T22:00:19","guid":{"rendered":"https:\/\/www.comunicatur.info\/?p=19934"},"modified":"2022-03-15T19:52:23","modified_gmt":"2022-03-15T17:52:23","slug":"el-trafico-aereo-en-espana-se-recupera-en-tres-cuartas-partes","status":"publish","type":"post","link":"https:\/\/www.comunicatur.info\/es\/el-trafico-aereo-en-espana-se-recupera-en-tres-cuartas-partes\/","title":{"rendered":"El tr\u00e1fico a\u00e9reo en Espa\u00f1a se recupera en tres cuartas partes"},"content":{"rendered":"<p>El volumen de viajeros del pasado mes de febrero en los aeropuertos espa\u00f1oles ha sido de 11,9 millones, seg\u00fan Aena, lo que representa el 73% del movimiento que hubo el mismo mes de 2019. En el caso de los dos principales aeropuertos, el de Madrid-Barajas tuvo un tr\u00e1nsito de 2,87 millones (-30,7% respecto al febrero de 2019) y el de Barcelona-El Prat casi roza los dos millones (1,98 millones de viajeros), que han representado un 39% inferior a los de febrero de 2019. El tercer aeropuerto m\u00e1s transitado ha sido el de Gran Canaria con casi 900 mil pasajeros, con un -17.2% del pasaje prepandemia.<\/p>\n<p>Fij\u00e1ndonos en la distribuci\u00f3n de los pasajeros internacionales los datos indican que han sido un 31% inferiores a los de febrero del 2019 y los nacionales un 19,6% inferiores. En n\u00fameros absolutos la distribuci\u00f3n de estos viajeros en este mes en concreto ha sido de 7,3 millones de pasajeros en vuelos internacionales y 4,5 millones de pasajeros en los vuelos nacionales.<\/p>\n","protected":false},"excerpt":{"rendered":"<p>El volumen de viajeros del pasado mes de febrero en los aeropuertos espa\u00f1oles ha sido de 11,9 millones, seg\u00fan Aena, lo que representa el 73% del movimiento que hubo el mismo mes de 2019. En el caso de los dos principales aeropuertos, el de Madrid-Barajas tuvo un tr\u00e1nsito de 2,87 millones (-30,7% respecto al febrero &hellip;<\/p>\n","protected":false},"author":408,"featured_media":18889,"comment_status":"closed","ping_status":"open","sticky":false,"template":"","format":"standard","meta":[],"categories":[74,65],"tags":[],"_links":{"self":[{"href":"https:\/\/www.comunicatur.info\/es\/wp-json\/wp\/v2\/posts\/19934"}],"collection":[{"href":"https:\/\/www.comunicatur.info\/es\/wp-json\/wp\/v2\/posts"}],"about":[{"href":"https:\/\/www.comunicatur.info\/es\/wp-json\/wp\/v2\/types\/post"}],"author":[{"embeddable":true,"href":"https:\/\/www.comunicatur.info\/es\/wp-json\/wp\/v2\/users\/408"}],"replies":[{"embeddable":true,"href":"https:\/\/www.comunicatur.info\/es\/wp-json\/wp\/v2\/comments?post=19934"}],"version-history":[{"count":2,"href":"https:\/\/www.comunicatur.info\/es\/wp-json\/wp\/v2\/posts\/19934\/revisions"}],"predecessor-version":[{"id":19936,"href":"https:\/\/www.comunicatur.info\/es\/wp-json\/wp\/v2\/posts\/19934\/revisions\/19936"}],"wp:featuredmedia":[{"embeddable":true,"href":"https:\/\/www.comunicatur.info\/es\/wp-json\/wp\/v2\/media\/18889"}],"wp:attachment":[{"href":"https:\/\/www.comunicatur.info\/es\/wp-json\/wp\/v2\/media?parent=19934"}],"wp:term":[{"taxonomy":"category","embeddable":true,"href":"https:\/\/www.comunicatur.info\/es\/wp-json\/wp\/v2\/categories?post=19934"},{"taxonomy":"post_tag","embeddable":true,"href":"https:\/\/www.comunicatur.info\/es\/wp-json\/wp\/v2\/tags?post=19934"}],"curies":[{"name":"wp","href":"https:\/\/api.w.org\/{rel}","templated":true}]}}